{"id":211794,"date":"2023-03-24T00:20:52","date_gmt":"2023-03-24T03:20:52","guid":{"rendered":"https:\/\/diarioregionaldigital.com.br\/?p=211794"},"modified":"2023-03-24T00:20:52","modified_gmt":"2023-03-24T03:20:52","slug":"taekwondo-brasil-garante-19-atletas-nos-jogos-parapan-americanos","status":"publish","type":"post","link":"https:\/\/diarioregionaldigital.com.br\/?p=211794","title":{"rendered":"Taekwondo: Brasil garante 19 atletas nos Jogos Parapan-Americanos"},"content":{"rendered":"<p>A sele\u00e7\u00e3o brasileira de taekwondo paral\u00edmpico conquistou dez vagas para os Jogos Parapan-Americanos de Santiago (Chile) durante a realiza\u00e7\u00e3o do Torneio Qualificat\u00f3rio da modalidade, disputado na \u00faltima quarta-feira (22) na Arena Carioca, no Rio de Janeiro, e que reuniu 52 atletas de 12 pa\u00edses.<img decoding=\"async\" src=\"https:\/\/agenciabrasil.ebc.com.br\/ebc.png?id=1518418&amp;o=node\" \/><img decoding=\"async\" src=\"https:\/\/agenciabrasil.ebc.com.br\/ebc.gif?id=1518418&amp;o=node\" \/><\/p>\n<div class=\"post-item-wrap\">\n<p>Por\u00e9m, o Brasil ser\u00e1 representado, a partir do dia 17 de novembro em Santiago, pelo total de 19 atletas, pois, aos dez classificados no Rio de Janeiro esta semana, se juntam outros nove brasileiros qualificados pelo ranking internacional.<\/p>\n<p>\u201cFechamos com 19 de vagas das 20 poss\u00edveis [pois um dos brasileiros que disputaram o Torneio Qualificat\u00f3rio n\u00e3o conseguiu a classifica\u00e7\u00e3o]. Estamos com a maior delega\u00e7\u00e3o do taekwondo paral\u00edmpico nos Jogos Parapan-Americanos\u201d, declarou o coordenador de taekwondo paral\u00edmpico da Confedera\u00e7\u00e3o Brasileira de Taekwondo (CBTkd), Rodrigo Ferla.<\/p>\n<p>No calend\u00e1rio de eventos do esporte paral\u00edmpico no ano de 2023, os Jogos Parapan-Americanos de Santiago ocupam um lugar especial, pois, segundo o Comit\u00ea Paral\u00edmpico Brasileiro (CPB), s\u00e3o a principal competi\u00e7\u00e3o das Am\u00e9ricas.<\/p>\n<h2>Classificados pelo qualificat\u00f3rio:<\/h2>\n<p>Miriam Pio (at\u00e9 47 kg)<br \/>\nTerezinha de Jesus (at\u00e9 47 kg)<br \/>\nMaria Eduarda Stumpf (at\u00e9 52 kg)<br \/>\nLarissa Lohane (at\u00e9 57 kg)<br \/>\nLeyliane Ramos (at\u00e9 65 kg)<br \/>\nCamila Macedo (acima de 65 kg)<br \/>\nC\u00edcero Nascimento (at\u00e9 58 kg)<br \/>\nCarlos Geraldo Coelho (at\u00e9 70 kg)<br \/>\nClaro Lopes (at\u00e9 80 kg)<br \/>\nLucas Moraes (acima de 80 kg)<\/p>\n<h2>Classificados pelo ranking:<\/h2>\n<p>Cristhiane Neves (at\u00e9 52 kg)<br \/>\nSilvana Cardoso (at\u00e9 57 kg)<br \/>\nAna Carolina Moura (at\u00e9 65 kg)<br \/>\nD\u00e9bora Menezes (acima de 65 kg)<br \/>\nFabr\u00edcio Marques (at\u00e9 58 kg)<br \/>\nNathan Torquato (at\u00e9 63 kg)<br \/>\nBruno Mota (at\u00e9 70 kg)<br \/>\nJoel Gomes (at\u00e9 80 kg)<br \/>\nPedro Paulo Neves (acima de 80 kg)<\/p>\n<\/div>\n<p class=\"alt-font font-italic my-2 small text-info\"><span style=\"font-weight: 400;\">Fonte: Ag\u00eancia Brasil <\/span><\/p>\n","protected":false},"excerpt":{"rendered":"<p>A sele\u00e7\u00e3o brasileira de taekwondo paral\u00edmpico conquistou dez vagas para os Jogos Parapan-Americanos de Santiago (Chile) durante a realiza\u00e7\u00e3o do Torneio Qualificat\u00f3rio da modalidade, disputado na \u00faltima quarta-feira (22) na Arena Carioca, no Rio de Janeiro, e que reuniu 52 atletas de 12 pa\u00edses. Por\u00e9m, o Brasil ser\u00e1 representado, a partir do dia 17 de [&hellip;]<\/p>\n","protected":false},"author":246,"featured_media":211795,"comment_status":"closed","ping_status":"closed","sticky":false,"template":"","format":"standard","meta":{"footnotes":""},"categories":[436,257,439],"tags":[],"class_list":["post-211794","post","type-post","status-publish","format-standard","has-post-thumbnail","hentry","category-destaque-da-semana","category-esporte","category-ultima-hora"],"_links":{"self":[{"href":"https:\/\/diarioregionaldigital.com.br\/index.php?rest_route=\/wp\/v2\/posts\/211794","targetHints":{"allow":["GET"]}}],"collection":[{"href":"https:\/\/diarioregionaldigital.com.br\/index.php?rest_route=\/wp\/v2\/posts"}],"about":[{"href":"https:\/\/diarioregionaldigital.com.br\/index.php?rest_route=\/wp\/v2\/types\/post"}],"author":[{"embeddable":true,"href":"https:\/\/diarioregionaldigital.com.br\/index.php?rest_route=\/wp\/v2\/users\/246"}],"replies":[{"embeddable":true,"href":"https:\/\/diarioregionaldigital.com.br\/index.php?rest_route=%2Fwp%2Fv2%2Fcomments&post=211794"}],"version-history":[{"count":1,"href":"https:\/\/diarioregionaldigital.com.br\/index.php?rest_route=\/wp\/v2\/posts\/211794\/revisions"}],"predecessor-version":[{"id":211796,"href":"https:\/\/diarioregionaldigital.com.br\/index.php?rest_route=\/wp\/v2\/posts\/211794\/revisions\/211796"}],"wp:featuredmedia":[{"embeddable":true,"href":"https:\/\/diarioregionaldigital.com.br\/index.php?rest_route=\/wp\/v2\/media\/211795"}],"wp:attachment":[{"href":"https:\/\/diarioregionaldigital.com.br\/index.php?rest_route=%2Fwp%2Fv2%2Fmedia&parent=211794"}],"wp:term":[{"taxonomy":"category","embeddable":true,"href":"https:\/\/diarioregionaldigital.com.br\/index.php?rest_route=%2Fwp%2Fv2%2Fcategories&post=211794"},{"taxonomy":"post_tag","embeddable":true,"href":"https:\/\/diarioregionaldigital.com.br\/index.php?rest_route=%2Fwp%2Fv2%2Ftags&post=211794"}],"curies":[{"name":"wp","href":"https:\/\/api.w.org\/{rel}","templated":true}]}}