{"id":211788,"date":"2023-03-24T00:16:45","date_gmt":"2023-03-24T03:16:45","guid":{"rendered":"https:\/\/diarioregionaldigital.com.br\/?p=211788"},"modified":"2023-03-24T00:16:45","modified_gmt":"2023-03-24T03:16:45","slug":"pgr-defende-mendonca-para-relator-de-acao-contra-nikolas-ferreira","status":"publish","type":"post","link":"https:\/\/diarioregionaldigital.com.br\/?p=211788","title":{"rendered":"PGR defende Mendon\u00e7a para relator de a\u00e7\u00e3o contra Nikolas Ferreira"},"content":{"rendered":"<p>A Procuradoria-Geral da Rep\u00fablica (PGR) enviou, nesta quinta-feira (23), parecer ao Supremo Tribunal Federal (STF) para que o ministro Andr\u00e9 Mendon\u00e7a seja relator do pedido de suspens\u00e3o das redes sociais do deputado federal Nikolas Ferreira (PL-MG). Atualmente, a quest\u00e3o \u00e9 relatada pelo ministro Alexandre de Moraes.<img decoding=\"async\" src=\"https:\/\/agenciabrasil.ebc.com.br\/ebc.png?id=1518413&amp;o=node\" \/><img decoding=\"async\" src=\"https:\/\/agenciabrasil.ebc.com.br\/ebc.gif?id=1518413&amp;o=node\" \/><\/p>\n<p>O caso envolve pedido da deputada federal Erika Hilton (PSOL-SP) para bloquear as contas do parlamentar. O parecer foi solicitado pelo pr\u00f3prio relator.<\/p>\n<p>Para a PGR,\u00a0 a quest\u00e3o deve ser decidida por Mendon\u00e7a, que \u00e9 relator outros pedidos de investiga\u00e7\u00e3o contra o deputado.<\/p>\n<p>A suspens\u00e3o foi solicitada o ap\u00f3s discurso do deputado no Dia Internacional da Mulher, quando Nikolas usou uma peruca amarela e disse que \u201cse sentia uma mulher. Ele afirmou ainda que \u201cas mulheres est\u00e3o perdendo seu espa\u00e7o para homens que se sentem mulheres\u201d. Para a comunidade LGBTQIA+, o parlamentar cometeu crime de transfobia no discurso.Transfobia \u00e9 uma forma de preconceito contra transexuais que pode se traduzir em atos de viol\u00eancia f\u00edsica, moral ou psicol\u00f3gica.<\/p>\n<p>Ap\u00f3s o epis\u00f3dio, Nikolas Ferreira usou as redes sociais para negar qualquer ofensa. \u201cDefendi o direito das mulheres de n\u00e3o perderem seu espa\u00e7o nos esportes para trans \u2013 visto a diferen\u00e7a biol\u00f3gica\u00a0\u2013 e de n\u00e3o\u00a0ter\u00a0um homem no banheiro feminino. N\u00e3o h\u00e1 transfobia em minha fala. Elucidei o exemplo com uma peruca. O que passar disso \u00e9 histeria e narrativa\u201d, afirmou.<\/p>\n<p><span style=\"font-weight: 400;\">Fonte: Ag\u00eancia Brasil <\/span><\/p>\n","protected":false},"excerpt":{"rendered":"<p>A Procuradoria-Geral da Rep\u00fablica (PGR) enviou, nesta quinta-feira (23), parecer ao Supremo Tribunal Federal (STF) para que o ministro Andr\u00e9 Mendon\u00e7a seja relator do pedido de suspens\u00e3o das redes sociais do deputado federal Nikolas Ferreira (PL-MG). Atualmente, a quest\u00e3o \u00e9 relatada pelo ministro Alexandre de Moraes. O caso envolve pedido da deputada federal Erika Hilton [&hellip;]<\/p>\n","protected":false},"author":246,"featured_media":211789,"comment_status":"closed","ping_status":"closed","sticky":false,"template":"","format":"standard","meta":{"footnotes":""},"categories":[436,254,439],"tags":[],"class_list":["post-211788","post","type-post","status-publish","format-standard","has-post-thumbnail","hentry","category-destaque-da-semana","category-politica","category-ultima-hora"],"_links":{"self":[{"href":"https:\/\/diarioregionaldigital.com.br\/index.php?rest_route=\/wp\/v2\/posts\/211788","targetHints":{"allow":["GET"]}}],"collection":[{"href":"https:\/\/diarioregionaldigital.com.br\/index.php?rest_route=\/wp\/v2\/posts"}],"about":[{"href":"https:\/\/diarioregionaldigital.com.br\/index.php?rest_route=\/wp\/v2\/types\/post"}],"author":[{"embeddable":true,"href":"https:\/\/diarioregionaldigital.com.br\/index.php?rest_route=\/wp\/v2\/users\/246"}],"replies":[{"embeddable":true,"href":"https:\/\/diarioregionaldigital.com.br\/index.php?rest_route=%2Fwp%2Fv2%2Fcomments&post=211788"}],"version-history":[{"count":1,"href":"https:\/\/diarioregionaldigital.com.br\/index.php?rest_route=\/wp\/v2\/posts\/211788\/revisions"}],"predecessor-version":[{"id":211790,"href":"https:\/\/diarioregionaldigital.com.br\/index.php?rest_route=\/wp\/v2\/posts\/211788\/revisions\/211790"}],"wp:featuredmedia":[{"embeddable":true,"href":"https:\/\/diarioregionaldigital.com.br\/index.php?rest_route=\/wp\/v2\/media\/211789"}],"wp:attachment":[{"href":"https:\/\/diarioregionaldigital.com.br\/index.php?rest_route=%2Fwp%2Fv2%2Fmedia&parent=211788"}],"wp:term":[{"taxonomy":"category","embeddable":true,"href":"https:\/\/diarioregionaldigital.com.br\/index.php?rest_route=%2Fwp%2Fv2%2Fcategories&post=211788"},{"taxonomy":"post_tag","embeddable":true,"href":"https:\/\/diarioregionaldigital.com.br\/index.php?rest_route=%2Fwp%2Fv2%2Ftags&post=211788"}],"curies":[{"name":"wp","href":"https:\/\/api.w.org\/{rel}","templated":true}]}}