{"id":211772,"date":"2023-03-24T00:04:18","date_gmt":"2023-03-24T03:04:18","guid":{"rendered":"https:\/\/diarioregionaldigital.com.br\/?p=211772"},"modified":"2023-03-24T00:04:18","modified_gmt":"2023-03-24T03:04:18","slug":"bolsa-fecha-no-menor-nivel-desde-julho-apos-criticas-do-governo-ao-bc","status":"publish","type":"post","link":"https:\/\/diarioregionaldigital.com.br\/?p=211772","title":{"rendered":"Bolsa fecha no menor n\u00edvel desde julho ap\u00f3s cr\u00edticas do governo ao BC"},"content":{"rendered":"<p>As cr\u00edticas do governo ao Banco Central (BC) fizeram o mercado financeiro ter um dia de nervosismo. A bolsa de valores caiu mais de 2% e fechou no menor n\u00edvel desde julho. O d\u00f3lar chegou a iniciar o dia em baixa, mas reverteu o movimento e aproximou-se de R$ 5,30.<\/p>\n<p>O \u00edndice Ibovespa, da B3, encerrou esta quinta-feira (23) aos 97.926 pontos, com queda de 2,29%. O indicador chegou a subir no in\u00edcio das negocia\u00e7\u00f5es, mas passou a cair ainda durante a manh\u00e3 e intensificou a queda durante a tarde, ap\u00f3s o presidente Luiz In\u00e1cio Lula da Silva dizer que a taxa Selic (juros b\u00e1sicos da economia) em 13,75% ao ano \u201cn\u00e3o tem explica\u00e7\u00e3o\u201d e que o Senado \u201cter\u00e1 de cuidar\u201d de Campos Neto, presidente do Banco Central.<\/p>\n<p>Esta foi a primeira vez em nove meses que o Ibovespa fechou abaixo de 100 mil pontos. O indicador est\u00e1 no menor n\u00edvel desde 18 de julho do ano passado. A bolsa brasileira destoou do mercado externo. Nesta quinta, as bolsas norte-americanas subiram ap\u00f3s a secret\u00e1ria do Tesouro dos Estados Unidos, Janet Yellen, prometer medidas para garantir os dep\u00f3sitos em bancos dos cidad\u00e3os norte-americanos.<\/p>\n<p>No mercado de c\u00e2mbio, o dia tamb\u00e9m foi marcado pela tens\u00e3o. O d\u00f3lar comercial fechou o dia quinta vendido a R$ 5,29, com alta de R$ 0,053 (+1,01%). A cota\u00e7\u00e3o iniciou o dia em queda, com a moeda norte-americana vendida a R$ 5,20, mas passou a disparar ainda durante a manh\u00e3. A moeda norte-americana est\u00e1 no maior valor desde o \u00faltimo dia 15, quanto tinha fechado a R$ 5,294.<\/p>\n<p>Na quarta-feira (22) \u00e0 noite, ap\u00f3s o Comit\u00ea de Pol\u00edtica Monet\u00e1ria (Copom) manter a taxa Selic em 13,75% ao ano, diversas autoridades se manifestaram. O ministro da Fazenda, Fernando Haddad, considerou\u00a0<a href=\"https:\/\/agenciabrasil.ebc.com.br\/economia\/noticia\/2023-03\/haddad-classifica-de-muito-preocupante-comunicado-do-copom\" target=\"_blank\" rel=\"noopener\">\u201cmuito preocupante\u201d<\/a>\u00a0o comunicado do Copom, no qual o BC manifestou incerteza em rela\u00e7\u00e3o ao novo arcabou\u00e7o fiscal e informou que poder\u00e1 elevar novamente a Selic caso a infla\u00e7\u00e3o continue resistente.<\/p>\n<p>A presidente do PT, Gleisi Hoffmann, e o ministro da Casa Civil, Rui Costa, tamb\u00e9m criticaram a decis\u00e3o do BC. Em entrevista \u00e0\u00a0<strong>Ag\u00eancia Brasil<\/strong>\u00a0nesta quarta, Costa classificou de\u00a0<a href=\"https:\/\/agenciabrasil.ebc.com.br\/economia\/noticia\/2023-03\/rui-costa-classifica-decisao-do-copom-de-insensibilidade-com-o-povo\" target=\"_blank\" rel=\"noopener\">\u201cinsensibilidade com o povo\u201d<\/a>\u00a0a manuten\u00e7\u00e3o da taxa Selic no maior n\u00edvel desde janeiro de 2017.<\/p>\n<p>A partir de agora, a\u00a0<strong>Ag\u00eancia Brasil<\/strong>\u00a0dar\u00e1 mat\u00e9rias sobre fechamento do mercado financeiro apenas em dias extraordin\u00e1rios. A cota\u00e7\u00e3o do d\u00f3lar e o n\u00edvel da bolsa de valores n\u00e3o ser\u00e3o mais informados todos os dias.<img decoding=\"async\" src=\"https:\/\/agenciabrasil.ebc.com.br\/ebc.png?id=1518409&amp;o=node\" \/><img decoding=\"async\" src=\"https:\/\/agenciabrasil.ebc.com.br\/ebc.gif?id=1518409&amp;o=node\" \/><\/p>\n<p><span style=\"font-weight: 400;\"><br \/>\n<\/span><span style=\"font-weight: 400;\">Fonte: Ag\u00eancia Brasil <\/span><\/p>\n","protected":false},"excerpt":{"rendered":"<p>As cr\u00edticas do governo ao Banco Central (BC) fizeram o mercado financeiro ter um dia de nervosismo. A bolsa de valores caiu mais de 2% e fechou no menor n\u00edvel desde julho. O d\u00f3lar chegou a iniciar o dia em baixa, mas reverteu o movimento e aproximou-se de R$ 5,30. O \u00edndice Ibovespa, da B3, [&hellip;]<\/p>\n","protected":false},"author":246,"featured_media":211773,"comment_status":"closed","ping_status":"closed","sticky":false,"template":"","format":"standard","meta":{"footnotes":""},"categories":[436,261,439],"tags":[],"class_list":["post-211772","post","type-post","status-publish","format-standard","has-post-thumbnail","hentry","category-destaque-da-semana","category-economia","category-ultima-hora"],"_links":{"self":[{"href":"https:\/\/diarioregionaldigital.com.br\/index.php?rest_route=\/wp\/v2\/posts\/211772","targetHints":{"allow":["GET"]}}],"collection":[{"href":"https:\/\/diarioregionaldigital.com.br\/index.php?rest_route=\/wp\/v2\/posts"}],"about":[{"href":"https:\/\/diarioregionaldigital.com.br\/index.php?rest_route=\/wp\/v2\/types\/post"}],"author":[{"embeddable":true,"href":"https:\/\/diarioregionaldigital.com.br\/index.php?rest_route=\/wp\/v2\/users\/246"}],"replies":[{"embeddable":true,"href":"https:\/\/diarioregionaldigital.com.br\/index.php?rest_route=%2Fwp%2Fv2%2Fcomments&post=211772"}],"version-history":[{"count":2,"href":"https:\/\/diarioregionaldigital.com.br\/index.php?rest_route=\/wp\/v2\/posts\/211772\/revisions"}],"predecessor-version":[{"id":211775,"href":"https:\/\/diarioregionaldigital.com.br\/index.php?rest_route=\/wp\/v2\/posts\/211772\/revisions\/211775"}],"wp:featuredmedia":[{"embeddable":true,"href":"https:\/\/diarioregionaldigital.com.br\/index.php?rest_route=\/wp\/v2\/media\/211773"}],"wp:attachment":[{"href":"https:\/\/diarioregionaldigital.com.br\/index.php?rest_route=%2Fwp%2Fv2%2Fmedia&parent=211772"}],"wp:term":[{"taxonomy":"category","embeddable":true,"href":"https:\/\/diarioregionaldigital.com.br\/index.php?rest_route=%2Fwp%2Fv2%2Fcategories&post=211772"},{"taxonomy":"post_tag","embeddable":true,"href":"https:\/\/diarioregionaldigital.com.br\/index.php?rest_route=%2Fwp%2Fv2%2Ftags&post=211772"}],"curies":[{"name":"wp","href":"https:\/\/api.w.org\/{rel}","templated":true}]}}