{"id":211745,"date":"2023-03-22T18:24:08","date_gmt":"2023-03-22T21:24:08","guid":{"rendered":"https:\/\/diarioregionaldigital.com.br\/?p=211745"},"modified":"2023-03-22T18:24:08","modified_gmt":"2023-03-22T21:24:08","slug":"brasil-conquista-ouro-inedito-na-copa-do-mundo-de-ginastica-de-trampolim","status":"publish","type":"post","link":"https:\/\/diarioregionaldigital.com.br\/?p=211745","title":{"rendered":"Brasil conquista ouro in\u00e9dito na Copa do Mundo de gin\u00e1stica de trampolim"},"content":{"rendered":"<p>A gin\u00e1stica de trampolim brasileira conquistou resultados in\u00e9ditos na etapa de Baku da Copa do Mundo, no \u00faltimo domingo (19.02).\u00a0Pela primeira vez na hist\u00f3ria, uma atleta do pa\u00eds conquistou o ouro individual em uma etapa da competi\u00e7\u00e3o.<\/p>\n<p>O feito coube a Camilla Gomes, que conseguiu 54.680 pontos na final. Alice Hellen tamb\u00e9m esteve na final e ficou bem perto do p\u00f3dio, na quarta coloca\u00e7\u00e3o, com a nota 52.120. A francesa Lea Labrousse levou a prata, com 53.970, enquanto Seljan Mahsudova, do Azerbaij\u00e3o, obteve o bronze, com 52.910.<\/p>\n<p>Logo depois, as duas brasileiras, que j\u00e1 foram l\u00edderes do ranking da Federa\u00e7\u00e3o Internacional de Gin\u00e1stica no sincronizado, foram campe\u00e3s nessa prova.<\/p>\n<p>Com uma apresenta\u00e7\u00e3o praticamente impec\u00e1vel, Camilla e Alice obtiveram a nota 46.340, suficiente para bater a forte dupla ucraniana, que ficou a 0.330 ponto do resultado das brasileiras. Em terceiro lugar ficou a dupla estadunidense (44.500).<\/p>\n<p>&#8220;Fiquei muito feliz por poder trazer essas medalhas, n\u00e3o s\u00f3 no individual, mas tamb\u00e9m no sincronizado. S\u00e3o resultados hist\u00f3ricos&#8221;, comemorou Camilla. &#8220;Na final do individual, fui a primeira a competir e fiz uma s\u00e9rie muito boa. Com aquela nota, j\u00e1 esperava que poderia pegar uma medalha. J\u00e1 estava bem feliz por ter terminado a prova me sentindo bem, com uma nota boa. A medalha de ouro foi uma realiza\u00e7\u00e3o completa&#8221;, contou.<\/p>\n<p>O Brasil ainda se destacou na fase classificat\u00f3ria, quando Alice Hellen e Rayan Dutra conseguiram as melhores notas de execu\u00e7\u00e3o. O ginasta do Minas T\u00eanis Clube somou 15.900, enquanto Alice registrou 15.800. Por esse motivo, os dois atletas receberam premia\u00e7\u00e3o especial da FIG.<\/p>\n<p>Para Tatiana Figueiredo, coordenadora da sele\u00e7\u00e3o brasileira de gin\u00e1stica de trampolim, essas conquistas no Azerbaij\u00e3o s\u00e3o um verdadeiro marco para a modalidade no Brasil. &#8220;S\u00e3o feitos important\u00edssimos porque comprovam que nossos atletas t\u00eam potencial para ir longe, alcan\u00e7ando excelentes resultados. Treinadores e \u00e1rbitros de outros pa\u00edses nos parabenizaram. \u00c9 muito importante ter esse reconhecimento internacional para as pr\u00f3ximas competi\u00e7\u00f5es internacionais&#8221;, avaliou.<\/p>\n<p>Fonte: Confedera\u00e7\u00e3o Brasileira de Gin\u00e1stica<\/p>\n","protected":false},"excerpt":{"rendered":"<p>A gin\u00e1stica de trampolim brasileira conquistou resultados in\u00e9ditos na etapa de Baku da Copa do Mundo, no \u00faltimo domingo (19.02).\u00a0Pela primeira vez na hist\u00f3ria, uma atleta do pa\u00eds conquistou o ouro individual em uma etapa da competi\u00e7\u00e3o. O feito coube a Camilla Gomes, que conseguiu 54.680 pontos na final. Alice Hellen tamb\u00e9m esteve na final [&hellip;]<\/p>\n","protected":false},"author":246,"featured_media":211746,"comment_status":"closed","ping_status":"closed","sticky":false,"template":"","format":"standard","meta":{"footnotes":""},"categories":[436,257,439],"tags":[],"class_list":["post-211745","post","type-post","status-publish","format-standard","has-post-thumbnail","hentry","category-destaque-da-semana","category-esporte","category-ultima-hora"],"_links":{"self":[{"href":"https:\/\/diarioregionaldigital.com.br\/index.php?rest_route=\/wp\/v2\/posts\/211745","targetHints":{"allow":["GET"]}}],"collection":[{"href":"https:\/\/diarioregionaldigital.com.br\/index.php?rest_route=\/wp\/v2\/posts"}],"about":[{"href":"https:\/\/diarioregionaldigital.com.br\/index.php?rest_route=\/wp\/v2\/types\/post"}],"author":[{"embeddable":true,"href":"https:\/\/diarioregionaldigital.com.br\/index.php?rest_route=\/wp\/v2\/users\/246"}],"replies":[{"embeddable":true,"href":"https:\/\/diarioregionaldigital.com.br\/index.php?rest_route=%2Fwp%2Fv2%2Fcomments&post=211745"}],"version-history":[{"count":1,"href":"https:\/\/diarioregionaldigital.com.br\/index.php?rest_route=\/wp\/v2\/posts\/211745\/revisions"}],"predecessor-version":[{"id":211747,"href":"https:\/\/diarioregionaldigital.com.br\/index.php?rest_route=\/wp\/v2\/posts\/211745\/revisions\/211747"}],"wp:featuredmedia":[{"embeddable":true,"href":"https:\/\/diarioregionaldigital.com.br\/index.php?rest_route=\/wp\/v2\/media\/211746"}],"wp:attachment":[{"href":"https:\/\/diarioregionaldigital.com.br\/index.php?rest_route=%2Fwp%2Fv2%2Fmedia&parent=211745"}],"wp:term":[{"taxonomy":"category","embeddable":true,"href":"https:\/\/diarioregionaldigital.com.br\/index.php?rest_route=%2Fwp%2Fv2%2Fcategories&post=211745"},{"taxonomy":"post_tag","embeddable":true,"href":"https:\/\/diarioregionaldigital.com.br\/index.php?rest_route=%2Fwp%2Fv2%2Ftags&post=211745"}],"curies":[{"name":"wp","href":"https:\/\/api.w.org\/{rel}","templated":true}]}}