{"id":211677,"date":"2023-03-21T21:39:22","date_gmt":"2023-03-22T00:39:22","guid":{"rendered":"https:\/\/diarioregionaldigital.com.br\/?p=211677"},"modified":"2023-03-21T21:39:22","modified_gmt":"2023-03-22T00:39:22","slug":"stj-da-15-dias-para-defesa-de-robinho-contestar-condenacao-na-italia","status":"publish","type":"post","link":"https:\/\/diarioregionaldigital.com.br\/?p=211677","title":{"rendered":"STJ d\u00e1 15 dias para defesa de Robinho contestar condena\u00e7\u00e3o na It\u00e1lia"},"content":{"rendered":"<p>O ministro do Superior Tribunal de Justi\u00e7a (STJ) Francisco Falc\u00e3o determinou\u00a0hoje\u00a0(21) que os advogados\u00a0do ex-jogador de futebol Robinho apresentem defesa no pedido de homologa\u00e7\u00e3o de senten\u00e7a proferida na It\u00e1lia.\u00a0<img decoding=\"async\" src=\"https:\/\/agenciabrasil.ebc.com.br\/ebc.png?id=1517901&amp;o=node\" \/><img decoding=\"async\" src=\"https:\/\/agenciabrasil.ebc.com.br\/ebc.gif?id=1517901&amp;o=node\" \/><\/p>\n<p>Robinho foi condenado em tr\u00eas inst\u00e2ncias naquele pa\u00eds pelo envolvimento em um estupro coletivo, dentro de uma boate de Mil\u00e3o, ocorrido em 2013. A pena imputada pela justi\u00e7a italiana foi de nove anos de pris\u00e3o.<\/p>\n<p>Na decis\u00e3o, o ministro, que \u00e9 relator do caso, concedeu prazo de 15 dias para que a defesa do ex-atleta apresente contesta\u00e7\u00e3o ao pedido de cumprimento de pena feito pelo governo italiano.<\/p>\n<p>Em outro trecho do despacho, Francisco Falc\u00e3o negou solicita\u00e7\u00e3o da defesa para que a It\u00e1lia fosse intimada a fornecer c\u00f3pia integral traduzida do processo.<\/p>\n<p>O ministro tamb\u00e9m autorizou a\u00a0Uni\u00e3o Brasileira de Mulheres a participar do processo para acompanhar o andamento do caso e se manifestar sobre o assunto no STJ.<\/p>\n<p>No pedido de homologa\u00e7\u00e3o de senten\u00e7a, a It\u00e1lia havia solicitado a extradi\u00e7\u00e3o de Robinho. A Constitui\u00e7\u00e3o brasileira, contudo, n\u00e3o prev\u00ea a possibilidade de extradi\u00e7\u00e3o de cidad\u00e3os natos. Por esse motivo, o pa\u00eds europeu decidiu requerer a transfer\u00eancia da senten\u00e7a do ex-jogador.<\/p>\n<p>Dessa forma, o tribunal vai analisar se a condena\u00e7\u00e3o pode ser reconhecida e executada no Brasil.<\/p>\n<p><span style=\"font-weight: 400;\">Fonte: Ag\u00eancia Brasil <\/span><\/p>\n","protected":false},"excerpt":{"rendered":"<p>O ministro do Superior Tribunal de Justi\u00e7a (STJ) Francisco Falc\u00e3o determinou\u00a0hoje\u00a0(21) que os advogados\u00a0do ex-jogador de futebol Robinho apresentem defesa no pedido de homologa\u00e7\u00e3o de senten\u00e7a proferida na It\u00e1lia.\u00a0 Robinho foi condenado em tr\u00eas inst\u00e2ncias naquele pa\u00eds pelo envolvimento em um estupro coletivo, dentro de uma boate de Mil\u00e3o, ocorrido em 2013. A pena imputada [&hellip;]<\/p>\n","protected":false},"author":246,"featured_media":211678,"comment_status":"closed","ping_status":"closed","sticky":false,"template":"","format":"standard","meta":{"footnotes":""},"categories":[436,254,439],"tags":[],"class_list":["post-211677","post","type-post","status-publish","format-standard","has-post-thumbnail","hentry","category-destaque-da-semana","category-politica","category-ultima-hora"],"_links":{"self":[{"href":"https:\/\/diarioregionaldigital.com.br\/index.php?rest_route=\/wp\/v2\/posts\/211677","targetHints":{"allow":["GET"]}}],"collection":[{"href":"https:\/\/diarioregionaldigital.com.br\/index.php?rest_route=\/wp\/v2\/posts"}],"about":[{"href":"https:\/\/diarioregionaldigital.com.br\/index.php?rest_route=\/wp\/v2\/types\/post"}],"author":[{"embeddable":true,"href":"https:\/\/diarioregionaldigital.com.br\/index.php?rest_route=\/wp\/v2\/users\/246"}],"replies":[{"embeddable":true,"href":"https:\/\/diarioregionaldigital.com.br\/index.php?rest_route=%2Fwp%2Fv2%2Fcomments&post=211677"}],"version-history":[{"count":1,"href":"https:\/\/diarioregionaldigital.com.br\/index.php?rest_route=\/wp\/v2\/posts\/211677\/revisions"}],"predecessor-version":[{"id":211679,"href":"https:\/\/diarioregionaldigital.com.br\/index.php?rest_route=\/wp\/v2\/posts\/211677\/revisions\/211679"}],"wp:featuredmedia":[{"embeddable":true,"href":"https:\/\/diarioregionaldigital.com.br\/index.php?rest_route=\/wp\/v2\/media\/211678"}],"wp:attachment":[{"href":"https:\/\/diarioregionaldigital.com.br\/index.php?rest_route=%2Fwp%2Fv2%2Fmedia&parent=211677"}],"wp:term":[{"taxonomy":"category","embeddable":true,"href":"https:\/\/diarioregionaldigital.com.br\/index.php?rest_route=%2Fwp%2Fv2%2Fcategories&post=211677"},{"taxonomy":"post_tag","embeddable":true,"href":"https:\/\/diarioregionaldigital.com.br\/index.php?rest_route=%2Fwp%2Fv2%2Ftags&post=211677"}],"curies":[{"name":"wp","href":"https:\/\/api.w.org\/{rel}","templated":true}]}}