{"id":211673,"date":"2023-03-21T21:37:52","date_gmt":"2023-03-22T00:37:52","guid":{"rendered":"https:\/\/diarioregionaldigital.com.br\/?p=211673"},"modified":"2023-03-21T21:37:52","modified_gmt":"2023-03-22T00:37:52","slug":"justica-solta-youssef-pela-segunda-vez-em-menos-de-24-horas","status":"publish","type":"post","link":"https:\/\/diarioregionaldigital.com.br\/?p=211673","title":{"rendered":"Justi\u00e7a solta Youssef pela segunda vez em menos de 24 horas"},"content":{"rendered":"<p>Em um dia de reviravoltas para Alberto Youssef, o juiz Eduardo Fernando Appio, da 13\u00aa Vara Federal em Curitiba, decidiu cumprir a decis\u00e3o de segunda inst\u00e2ncia e mandou soltar o doleiro, um dos delatores da Opera\u00e7\u00e3o Lava Jato. Foi a segunda decis\u00e3o de soltura proferida em menos de 24 horas.<img decoding=\"async\" src=\"https:\/\/agenciabrasil.ebc.com.br\/ebc.png?id=1517886&amp;o=node\" \/><img decoding=\"async\" src=\"https:\/\/agenciabrasil.ebc.com.br\/ebc.gif?id=1517886&amp;o=node\" \/><\/p>\n<p>A decis\u00e3o foi tomada ap\u00f3s o Tribunal Regional Federal da 4\u00aa Regi\u00e3o (TRF4), sediado em Porto Alegre, conceder novo habeas corpus a favor do doleiro. Horas antes, o desembargador Marcelo Malucelli, do Tribunal Regional Federal da 4\u00aa Regi\u00e3o (TRF4), sediado em Porto Alegre, havia entendido haver ilegalidade na decreta\u00e7\u00e3o da pris\u00e3o, ocorrida ontem (20), e determinou sua soltura.<\/p>\n<p>No entanto, Appio decretou nova pris\u00e3o de Youssef mesmo ap\u00f3s a determina\u00e7\u00e3o do TRF4. Ao manter a pris\u00e3o, o juiz argumentou que novos documentos justificaram a decis\u00e3o. Por\u00e9m, em uma nova decis\u00e3o, o magistrado da 13\u00aa Vara Federal em Curitiba determinou a soltura do doleiro. Foram tr\u00eas decis\u00f5es a respeito da liberdade do delator da Opera\u00e7\u00e3o Lava Jato ao longo desta ter\u00e7a-feira (21). Duas pela liberdade e uma pela manuten\u00e7\u00e3o da sua pris\u00e3o.<\/p>\n<p>Ao decretar ontem (20) a pris\u00e3o de Youssef, Appio levou em conta informa\u00e7\u00f5es prestadas pela Receita Federal sobre o patrim\u00f4nio do doleiro. De acordo com a decis\u00e3o, Youssef n\u00e3o devolveu aos cofres p\u00fablicos todos os valores desviados e possui vida incompat\u00edvel com a \u201csitua\u00e7\u00e3o da imensa maioria dos cidad\u00e3os brasileiros\u201d. Segundo a Receita, ele tentou ainda comprar um helic\u00f3ptero e um avi\u00e3o.<\/p>\n<h2>Defesa<\/h2>\n<p>A defesa de Alberto Youssef sustenta que a pris\u00e3o \u00e9 ilegal por ter sido decretada de of\u00edcio, ou seja, sem requerimento do Minist\u00e9rio P\u00fablico Federal (MPF).<\/p>\n<p>Al\u00e9m disso, a defesa argumenta que o processo que deu origem \u00e0 representa\u00e7\u00e3o fiscal da Receita Federal estava suspenso e que o doleiro est\u00e1 usando tornozeleira eletr\u00f4nica, fatos que afastariam a necessidade de pris\u00e3o preventiva.<\/p>\n<p><span style=\"font-weight: 400;\">Fonte: Ag\u00eancia Brasil <\/span><\/p>\n","protected":false},"excerpt":{"rendered":"<p>Em um dia de reviravoltas para Alberto Youssef, o juiz Eduardo Fernando Appio, da 13\u00aa Vara Federal em Curitiba, decidiu cumprir a decis\u00e3o de segunda inst\u00e2ncia e mandou soltar o doleiro, um dos delatores da Opera\u00e7\u00e3o Lava Jato. Foi a segunda decis\u00e3o de soltura proferida em menos de 24 horas. A decis\u00e3o foi tomada ap\u00f3s [&hellip;]<\/p>\n","protected":false},"author":246,"featured_media":211674,"comment_status":"closed","ping_status":"closed","sticky":false,"template":"","format":"standard","meta":{"footnotes":""},"categories":[436,254,439],"tags":[],"class_list":["post-211673","post","type-post","status-publish","format-standard","has-post-thumbnail","hentry","category-destaque-da-semana","category-politica","category-ultima-hora"],"_links":{"self":[{"href":"https:\/\/diarioregionaldigital.com.br\/index.php?rest_route=\/wp\/v2\/posts\/211673","targetHints":{"allow":["GET"]}}],"collection":[{"href":"https:\/\/diarioregionaldigital.com.br\/index.php?rest_route=\/wp\/v2\/posts"}],"about":[{"href":"https:\/\/diarioregionaldigital.com.br\/index.php?rest_route=\/wp\/v2\/types\/post"}],"author":[{"embeddable":true,"href":"https:\/\/diarioregionaldigital.com.br\/index.php?rest_route=\/wp\/v2\/users\/246"}],"replies":[{"embeddable":true,"href":"https:\/\/diarioregionaldigital.com.br\/index.php?rest_route=%2Fwp%2Fv2%2Fcomments&post=211673"}],"version-history":[{"count":2,"href":"https:\/\/diarioregionaldigital.com.br\/index.php?rest_route=\/wp\/v2\/posts\/211673\/revisions"}],"predecessor-version":[{"id":211676,"href":"https:\/\/diarioregionaldigital.com.br\/index.php?rest_route=\/wp\/v2\/posts\/211673\/revisions\/211676"}],"wp:featuredmedia":[{"embeddable":true,"href":"https:\/\/diarioregionaldigital.com.br\/index.php?rest_route=\/wp\/v2\/media\/211674"}],"wp:attachment":[{"href":"https:\/\/diarioregionaldigital.com.br\/index.php?rest_route=%2Fwp%2Fv2%2Fmedia&parent=211673"}],"wp:term":[{"taxonomy":"category","embeddable":true,"href":"https:\/\/diarioregionaldigital.com.br\/index.php?rest_route=%2Fwp%2Fv2%2Fcategories&post=211673"},{"taxonomy":"post_tag","embeddable":true,"href":"https:\/\/diarioregionaldigital.com.br\/index.php?rest_route=%2Fwp%2Fv2%2Ftags&post=211673"}],"curies":[{"name":"wp","href":"https:\/\/api.w.org\/{rel}","templated":true}]}}