{"id":211648,"date":"2023-03-20T20:36:44","date_gmt":"2023-03-20T23:36:44","guid":{"rendered":"https:\/\/diarioregionaldigital.com.br\/?p=211648"},"modified":"2023-03-20T20:36:44","modified_gmt":"2023-03-20T23:36:44","slug":"programa-boniteza-realiza-155-intervencoes-nesta-segunda-20","status":"publish","type":"post","link":"https:\/\/diarioregionaldigital.com.br\/?p=211648","title":{"rendered":"Programa Boniteza realiza 155 interven\u00e7\u00f5es nesta segunda, 20"},"content":{"rendered":"<p>Segundo informa\u00e7\u00f5es do site da Prefeitura de Juiz de Fora (PJF), o\u00a0Programa Boniteza da Prefeitura de Juiz de Fora (PJF) opera em 155 interven\u00e7\u00f5es nesta segunda-feira, 20.<\/p>\n<p>&nbsp;<\/p>\n<p><strong>Obras<\/strong><\/p>\n<p>&nbsp;<\/p>\n<p>Os Departamentos de Opera\u00e7\u00e3o e Manuten\u00e7\u00e3o em Obras (Domo) e de Estradas Vicinais da Secretaria de Obras t\u00eam previstas 28 a\u00e7\u00f5es.<\/p>\n<p>&nbsp;<\/p>\n<p><strong>Interven\u00e7\u00f5es em continuidade:<\/strong><\/p>\n<p>&nbsp;<\/p>\n<p>&#8211; Corre\u00e7\u00e3o de eros\u00e3o &#8211; Margem do c\u00f3rrego &#8211;\u00a0 Santa Luzia<\/p>\n<p>&#8211; Corre\u00e7\u00e3o de eros\u00e3o &#8211; Rua Laudelino Schettino &#8211;\u00a0 Democrata<\/p>\n<p>&#8211; Patrolamento &#8211; Rua Zaquia Nami Mockdeci &#8211; Aeroporto<\/p>\n<p>&#8211; Execu\u00e7\u00e3o de dreno profundo &#8211; Rua Francisco Fayer Sobrinho &#8211; Aeroporto<\/p>\n<p>&#8211; Patrolamento &#8211; Rua Francisco Fayer Sobrinho &#8211; Aeroporto<\/p>\n<p>&#8211; Lan\u00e7amento de material granulado &#8211; Rua Francisco Fayer Sobrinho &#8211; Aeroporto<\/p>\n<p>&#8211; Limpeza e retirada de entulho &#8211; Rua Guido Monachesi &#8211; Aeroporto<\/p>\n<p>&#8211; Patrolamento + Lan\u00e7amento de material granulado &#8211; Estrada Capoeir\u00e3o &#8211; Monte Verde<\/p>\n<p>&#8211; Patrolamento + Lan\u00e7amento de material granulado &#8211; Estrada Cafezal &#8211; Penido<\/p>\n<p>&#8211; Patrolamento + Lan\u00e7amento de material granulado &#8211; Estrada Pedra Branca &#8211; N\u00e1utico<\/p>\n<p>&#8211; Confec\u00e7\u00e3o de bueiro &#8211; Penido a Ros\u00e1rio<\/p>\n<p>&#8211; Confec\u00e7\u00e3o de bueiro de aduelas &#8211; Humait\u00e1<\/p>\n<p>&#8211; Confec\u00e7\u00e3o de base para cal\u00e7amento &#8211; Ros\u00e1rio de Minas<\/p>\n<p>&#8211; Patrolamento &#8211; Estrada Para\u00edso<\/p>\n<p>&#8211; Patrolamento &#8211; Estrada das Araras<\/p>\n<p>&#8211; Patrolamento + Lan\u00e7amento de material granulado &#8211; Estrada Cafezal &#8211; Penido<\/p>\n<p>&#8211; Encabe\u00e7amento de manilhas em bueiro &#8211; Estrada de Penido ligando \u00e0 Ros\u00e1rio<\/p>\n<p>&nbsp;<\/p>\n<p><strong>Novas Interven\u00e7\u00f5es<\/strong><\/p>\n<p>&nbsp;<\/p>\n<p>&#8211; Execu\u00e7\u00e3o de meio fio &#8211; Av. Darcy Vargas &#8211; Ipiranga<\/p>\n<p>&#8211; Coloca\u00e7\u00e3o de tampa em boca de lobo &#8211; Rua Professor Jos\u00e9 Teodoro Santos &#8211; JK<\/p>\n<p>&#8211; Coloca\u00e7\u00e3o de tampa em boca de lobo &#8211; Rua Manoel Ribeiro de Almeida &#8211; Santo Ant\u00f4nio<\/p>\n<p>&#8211; Limpeza de boca de lobo &#8211; Rua H\u00e9lio Reis de Oliveira &#8211; Jardim de Al\u00e1<\/p>\n<p>&#8211; Limpeza de boca de lobo &#8211; Rua Manoel Moreira de Moraes &#8211; Jardim de Al\u00e1<\/p>\n<p>&#8211; Limpeza mecanizada do sistema de drenagem &#8211; Rua Lima Duarte &#8211; Benfica<\/p>\n<p>&#8211; Corre\u00e7\u00e3o de eros\u00e3o &#8211; Rua Francisco Vaz de Magalh\u00e3es &#8211; Cascatinha<\/p>\n<p>&#8211; Retirada de barreiras &#8211; Rua do c\u00f3rrego &#8211; Monte Verde<\/p>\n<p>&#8211; Lan\u00e7amento de material granulado &#8211; Estrada Pinh\u00e3o de Dentro &#8211; Torre\u00f5es<\/p>\n<p>&#8211; Patrolamento &#8211; Estrada Nova Pedra da On\u00e7a &#8211; Monte Verde<\/p>\n<p>&#8211; Lan\u00e7amento de material granulado &#8211; Estrada Nova Pedra da On\u00e7a &#8211; Monte Verde<\/p>\n<p>&nbsp;<\/p>\n<p><strong>Ilumina\u00e7\u00e3o P\u00fablica<\/strong><\/p>\n<p>&nbsp;<\/p>\n<p>O departamento de Ilumina\u00e7\u00e3o P\u00fablica da PJF d\u00e1 continuidade \u00e0s a\u00e7\u00f5es com a previs\u00e3o de trocas de 127 l\u00e2mpadas em todas as regi\u00f5es.<\/p>\n<p>&nbsp;<\/p>\n<p><strong>Granjas Beth\u00e2nia<\/strong><\/p>\n<p>&nbsp;<\/p>\n<p>Rua Avelino Jacob Da Silva<\/p>\n<p>Rua Jos\u00e9 Lino<\/p>\n<p>Rua Eurico Da Silva Pacheco<\/p>\n<p>Avenida Juiz De Fora<\/p>\n<p>Rua Jo\u00e3o Rosa De Ara\u00fajo<\/p>\n<p>Rua Otac\u00edlio Esteves Da Silva<\/p>\n<p>Rua Nestor Mageste Netto<\/p>\n<p>Rua Nh\u00e1 Chica<\/p>\n<p>Rua Nove De Julho<\/p>\n<p>Rua S\u00e3o Crist\u00f3v\u00e3o<\/p>\n<p>Rua Afonso Bazarella Barra<\/p>\n<p>&nbsp;<\/p>\n<p><strong>Vivendas da Serra<\/strong><\/p>\n<p>&nbsp;<\/p>\n<p>Rua Luiz Gualberto J\u00fanior<\/p>\n<p>Rua Paulo Affonso Trist\u00e3o<\/p>\n<p>Rua Domingos Tavares De Souza<\/p>\n<p>&nbsp;<\/p>\n<p><strong>Quintas das Avenidas\u00a0<\/strong><\/p>\n<p>&nbsp;<\/p>\n<p>Vitorio Zarantonelo<\/p>\n<p>&nbsp;<\/p>\n<p><strong>S\u00e3o Sebasti\u00e3o<\/strong><\/p>\n<p>&nbsp;<\/p>\n<p>Rua Moacir De Brito<\/p>\n<p>&nbsp;<\/p>\n<p><strong>Benfica<\/strong><\/p>\n<p>&nbsp;<\/p>\n<p>Rua Jeronimo Fernandes De Almeida<\/p>\n<p>Rua Martins Barbosa<\/p>\n<p>Rua Porto Seguro<\/p>\n<p>Rua Jo\u00e3o Ribeiro Novaes<\/p>\n<p>Rua Jos\u00e9 Ribeiro De Mattos<\/p>\n<p>Rua Ant\u00f4nio Gattas Bara<\/p>\n<p>Rua Dom Juvenal Roriz<\/p>\n<p>Rua Henrique Dias<\/p>\n<p>Rua Diogo \u00c1lvares<\/p>\n<p>Rua Bento Gon\u00e7alves<\/p>\n<p>&nbsp;<\/p>\n<p><strong>Bandeirantes<\/strong><\/p>\n<p>&nbsp;<\/p>\n<p>Rua Esperanto<\/p>\n<p>Rua Domingos Tavares De Souza<\/p>\n<p>Rua Aurora Trist\u00e3o<\/p>\n<p>Rua Antonio De Paula Mendes<\/p>\n<p>&nbsp;<\/p>\n<p><strong>Nossa Senhora de Lourdes<\/strong><\/p>\n<p>&nbsp;<\/p>\n<p>Rua Jo\u00e3o Surerus J\u00fanior<\/p>\n<p>Rua Florentina Garcia<\/p>\n<p>Rua Professor Luiz Viana<\/p>\n<p>Rua Hor\u00e1cio De Mello Brand\u00e3o<\/p>\n<p>Rua Nossa Senhora De Lourdes<\/p>\n<p>Rua Energina Ernesto Guilherme<\/p>\n<p>&nbsp;<\/p>\n<p><strong>Bar\u00e3o do Retiro<\/strong><\/p>\n<p>&nbsp;<\/p>\n<p>Avenida Doutor Francisco \u00c1lvares De Assis<\/p>\n<p>Rua Jos\u00e9 Francisco Da Mota<\/p>\n<p>Rua Irm\u00e3 Emerenciana<\/p>\n<p>&nbsp;<\/p>\n<p><strong>Nova Calif\u00f3rnia<\/strong><\/p>\n<p>&nbsp;<\/p>\n<p>Rua Caminho Estrada Real condom\u00ednio Estrada Real<\/p>\n<p>Rua Caminho De Petr\u00f3polis condom\u00ednio Estrada Real<\/p>\n<p>Rua Caminho De Mariana Condom\u00ednio Estrada Real<\/p>\n<p>Rua Estrada Real Condom\u00ednio Estrada Real<\/p>\n<p>Alameda Quintas Do Sumar\u00e9<\/p>\n<p>&nbsp;<\/p>\n<p><strong>Vila Olavo Costa<\/strong><\/p>\n<p>&nbsp;<\/p>\n<p>Rua Ign\u00e1cio Vila\u00e7a<\/p>\n<p>&nbsp;<\/p>\n<p><strong>Vila Ozanan<\/strong><\/p>\n<p>&nbsp;<\/p>\n<p>Rua Carlos Palmer<\/p>\n<p>&nbsp;<\/p>\n<p><strong>Barreira do Triunfo<\/strong><\/p>\n<p>&nbsp;<\/p>\n<p>Estrada Elias Jos\u00e9 Mockdeci<\/p>\n<p>Estrada Represa Jo\u00e3o Penido<\/p>\n<p>&nbsp;<\/p>\n<p><strong>Ara\u00fajo<\/strong><\/p>\n<p>&nbsp;<\/p>\n<p>Rua Maria Eug\u00eania<\/p>\n<p>&nbsp;<\/p>\n<p><strong>S\u00e3o Mateus<\/strong><\/p>\n<p>&nbsp;<\/p>\n<p>Rua Chanceler Oswaldo Aranha<\/p>\n<p>&nbsp;<\/p>\n<p><strong>S\u00e3o Bernardo<\/strong><\/p>\n<p>&nbsp;<\/p>\n<p>Rua Jos\u00e9 Gon\u00e7alves Alvim<\/p>\n<p>&nbsp;<\/p>\n<p><strong>Parque Guarani<\/strong><\/p>\n<p>&nbsp;<\/p>\n<p>Rua Senador Milton Campos<\/p>\n<p>&nbsp;<\/p>\n<p><strong>Santo Ant\u00f4nio<\/strong><\/p>\n<p>&nbsp;<\/p>\n<p>Rua Alexandre Ressurrei\u00e7\u00e3o<\/p>\n<p>&nbsp;<\/p>\n<p><strong>Terras Altas<\/strong><\/p>\n<p>&nbsp;<\/p>\n<p>Rua Wilson Gomes De Freitas<\/p>\n<p>&nbsp;<\/p>\n<p><strong>Tiguera<\/strong><\/p>\n<p>&nbsp;<\/p>\n<p>Rua Jos\u00e9 Francisco Garcia<\/p>\n<p>&nbsp;<\/p>\n<p><strong>Jardim Esperan\u00e7a<\/strong><\/p>\n<p>&nbsp;<\/p>\n<p>Rua Alberto Guedes<\/p>\n<p>Rua Arist\u00f3teles E Nascimento<\/p>\n<p>Avenida Doutor Francisco \u00c1lvares De Assis<\/p>\n<p>&nbsp;<\/p>\n<p><strong>Jardim das Terras Preciosas (Retiro)<\/strong><\/p>\n<p>&nbsp;<\/p>\n<p>Rua Diamante<\/p>\n<p>&nbsp;<\/p>\n<p><strong>Santa Cec\u00edlia<\/strong><\/p>\n<p>&nbsp;<\/p>\n<p>Rua Melo Franco<\/p>\n<p>&nbsp;<\/p>\n<p><strong>Santa C\u00e2ndida<\/strong><\/p>\n<p>&nbsp;<\/p>\n<p>Rua Jorge Raymundo<\/p>\n<p>&nbsp;<\/p>\n<p><strong>Gabinete de A\u00e7\u00e3o e Di\u00e1logo Comunit\u00e1rio<\/strong><\/p>\n<p>&nbsp;<\/p>\n<p>As a\u00e7\u00f5es da Secretaria de Obras s\u00e3o realizadas atrav\u00e9s do Gabinete de A\u00e7\u00e3o e Di\u00e1logo Comunit\u00e1rio, que recebe demandas de melhorias urbanas pelo n\u00famero (32) 3690-7241, por liga\u00e7\u00e3o ou WhatsApp.<\/p>\n<p>&nbsp;<\/p>\n<p>No\u00a0<a href=\"https:\/\/www.pjf.mg.gov.br\/gabinetecomunitario\/\"><strong>site do gabinete<\/strong><\/a>, est\u00e3o dispon\u00edveis informa\u00e7\u00f5es atualizadas\u00a0 diariamente sobre os servi\u00e7os realizados pelas secretarias de Obras (SO); de Sustentabilidade em Meio Ambiente e Atividades Urbanas (Sesmaur); de Mobilidade Urbana (SMU); e pela\u00a0 Empresa Municipal de Pavimenta\u00e7\u00e3o e Urbaniza\u00e7\u00e3o (Empav); Departamento Municipal de Limpeza Urbana (Demlurb); e Companhia de Saneamento Municipal (Cesama).<\/p>\n","protected":false},"excerpt":{"rendered":"<p>Segundo informa\u00e7\u00f5es do site da Prefeitura de Juiz de Fora (PJF), o\u00a0Programa Boniteza da Prefeitura de Juiz de Fora (PJF) opera em 155 interven\u00e7\u00f5es nesta segunda-feira, 20. &nbsp; Obras &nbsp; Os Departamentos de Opera\u00e7\u00e3o e Manuten\u00e7\u00e3o em Obras (Domo) e de Estradas Vicinais da Secretaria de Obras t\u00eam previstas 28 a\u00e7\u00f5es. &nbsp; Interven\u00e7\u00f5es em continuidade: [&hellip;]<\/p>\n","protected":false},"author":246,"featured_media":211649,"comment_status":"closed","ping_status":"closed","sticky":false,"template":"","format":"standard","meta":{"footnotes":""},"categories":[253,436,439],"tags":[],"class_list":["post-211648","post","type-post","status-publish","format-standard","has-post-thumbnail","hentry","category-cidade","category-destaque-da-semana","category-ultima-hora"],"_links":{"self":[{"href":"https:\/\/diarioregionaldigital.com.br\/index.php?rest_route=\/wp\/v2\/posts\/211648","targetHints":{"allow":["GET"]}}],"collection":[{"href":"https:\/\/diarioregionaldigital.com.br\/index.php?rest_route=\/wp\/v2\/posts"}],"about":[{"href":"https:\/\/diarioregionaldigital.com.br\/index.php?rest_route=\/wp\/v2\/types\/post"}],"author":[{"embeddable":true,"href":"https:\/\/diarioregionaldigital.com.br\/index.php?rest_route=\/wp\/v2\/users\/246"}],"replies":[{"embeddable":true,"href":"https:\/\/diarioregionaldigital.com.br\/index.php?rest_route=%2Fwp%2Fv2%2Fcomments&post=211648"}],"version-history":[{"count":1,"href":"https:\/\/diarioregionaldigital.com.br\/index.php?rest_route=\/wp\/v2\/posts\/211648\/revisions"}],"predecessor-version":[{"id":211650,"href":"https:\/\/diarioregionaldigital.com.br\/index.php?rest_route=\/wp\/v2\/posts\/211648\/revisions\/211650"}],"wp:featuredmedia":[{"embeddable":true,"href":"https:\/\/diarioregionaldigital.com.br\/index.php?rest_route=\/wp\/v2\/media\/211649"}],"wp:attachment":[{"href":"https:\/\/diarioregionaldigital.com.br\/index.php?rest_route=%2Fwp%2Fv2%2Fmedia&parent=211648"}],"wp:term":[{"taxonomy":"category","embeddable":true,"href":"https:\/\/diarioregionaldigital.com.br\/index.php?rest_route=%2Fwp%2Fv2%2Fcategories&post=211648"},{"taxonomy":"post_tag","embeddable":true,"href":"https:\/\/diarioregionaldigital.com.br\/index.php?rest_route=%2Fwp%2Fv2%2Ftags&post=211648"}],"curies":[{"name":"wp","href":"https:\/\/api.w.org\/{rel}","templated":true}]}}