{"id":211641,"date":"2023-03-20T20:26:04","date_gmt":"2023-03-20T23:26:04","guid":{"rendered":"https:\/\/diarioregionaldigital.com.br\/?p=211641"},"modified":"2023-03-20T20:26:04","modified_gmt":"2023-03-20T23:26:04","slug":"prefeita-inaugura-calcamento-e-outras-benfeitorias-em-penido","status":"publish","type":"post","link":"https:\/\/diarioregionaldigital.com.br\/?p=211641","title":{"rendered":"Prefeita inaugura cal\u00e7amento e outras benfeitorias em Penido"},"content":{"rendered":"<p>Segundo informa\u00e7\u00f5es do site da Prefeitura de Juiz de Fora (PJF), o Programa Boniteza, da Prefeitura de Juiz de Fora (PJF), segue atuando por toda a cidade com a\u00e7\u00f5es de melhoria da mobilidade urbana e acessibilidade. Nesta sexta-feira, 17, a prefeita Margarida Salom\u00e3o, juntamente com o secret\u00e1rio de Obras, Lincoln Santos, esteve em Penido para a inaugura\u00e7\u00e3o do cal\u00e7amento de piso intertravado em todo o distrito.<\/p>\n<p>Com o novo cal\u00e7amento, moradores e motoristas da regi\u00e3o poder\u00e3o contar com um tr\u00e2nsito mais fluido e seguro, principalmente durante o per\u00edodo chuvoso, tendo em vista que o novo piso impede o ac\u00famulo de barro e a forma\u00e7\u00e3o de po\u00e7as d\u2019\u00e1gua. O pavimento intertravado \u00e9 um tipo de piso feito com blocos de concreto pr\u00e9-fabricados, assentados sobre uma camada de areia e travados entre si por conten\u00e7\u00e3o lateral e por atrito entre as pe\u00e7as. \u00c9 perme\u00e1vel, com \u00f3tima durabilidade e sustent\u00e1vel, podendo ser aplicado em diferentes tipos de estradas. A PJF cal\u00e7ou 11 mil metros quadrados com o piso intertravado e mais outros 2,5 mil metros com meio-fio.<\/p>\n<p>Para a prefeita Margarida Salom\u00e3o, o distrito de Penido est\u00e1 com um dos sistemas de asfalto mais completo e eficiente do munic\u00edpio. \u201cEu vim aqui em 2021 e voltei em maio de 2022, e, conversando com a popula\u00e7\u00e3o, me pediram a pavimenta\u00e7\u00e3o de todo o distrito. Naquela \u00e9poca, me comprometi a fazer esta obra e, agora, estou aqui entregando para voc\u00eas. Palavra dada \u00e9 para ser palavra cumprida. Muitas vezes, as pessoas perdem a f\u00e9 na pol\u00edtica porque o pol\u00edtico acaba falando o que n\u00e3o pode ou n\u00e3o consegue cumprir. Temos que ter muito cuidado com as palavras, mas tamb\u00e9m devemos acreditar quando a gente firma um contrato. Essa obra toda ficou em cerca de R$ 1,3 milh\u00e3o, com recursos do Tesouro Municipal. Hoje, todo condom\u00ednio moderno utiliza desse piso intertravado em suas constru\u00e7\u00f5es, pois ele \u00e9 muito melhor, duradouro e tem uma vantagem que \u00e9 a absor\u00e7\u00e3o da \u00e1gua, que n\u00e3o deixa fazer po\u00e7as e nem buracos. S\u00e3o poucos os lugares de Juiz de Fora que possuem esse cal\u00e7amento, e esperamos que mais lugares venham a t\u00ea-lo\u201d, afirma.<\/p>\n<p>O secret\u00e1rio de Obras, Lincoln Santos, tamb\u00e9m compartilha da opini\u00e3o da prefeita e atesta a efici\u00eancia do projeto. \u201cEstamos aqui para entregar essa grande obra da Prefeitura, o cal\u00e7amento de toda \u00e1rea do distrito, uma obra bonita, de qualidade e que vai mudar completamente o dia a dia dos moradores de Penido\u201d. Marilene Fonseca Gomes, moradora de Penido, agradece pelas melhorias realizadas na regi\u00e3o e afirma que \u00e9 um sonho poder ver a obra sendo entregue. \u201cEstamos aqui para poder agradecer a prefeita Margarida por tudo o que fez por n\u00f3s aqui na regi\u00e3o, pelo cal\u00e7amento que ficou muito bom e pela ilumina\u00e7\u00e3o, que deu uma nova cara para Penido. Por muito tempo, esperamos por essas interven\u00e7\u00f5es e agora \u00e9 uma alegria imensa poder ver se tornando realidade\u201d.<\/p>\n<p><strong>Outros servi\u00e7os<\/strong><\/p>\n<p>No total, as equipes da PJF realizaram uma s\u00e9rie de melhorias no distrito de Penido. Os servidores do Boniteza organizaram os canteiros e jardins do distrito, al\u00e9m da zeladoria do canteiro central e da pra\u00e7a; cuidaram da sinaliza\u00e7\u00e3o horizontal de ruas atrav\u00e9s dos agentes da Secretaria de Mobilidade Urbana (SMU); arrumaram e pintaram o passeio e o muro da escola; fizeram a coloca\u00e7\u00e3o de manilhas capta\u00e7\u00e3o fluvial; instala\u00e7\u00e3o de lixeiras em diversos pontos do distrito e reforma do ponto de \u00f4nibus.<\/p>\n<p>A Prefeitura, atrav\u00e9s da Secretaria de Obras (SO), revitalizou a ilumina\u00e7\u00e3o p\u00fablica de todo o distrito de Penido, atrav\u00e9s da substitui\u00e7\u00e3o de 32 lumin\u00e1rias convencionais por lumin\u00e1rias LED e instala\u00e7\u00e3o de mais outras tr\u00eas.\u00a0 Isso resultou na economia e efici\u00eancia energ\u00e9tica, saindo de 1.269kWh\/m\u00eas para 630 kWh\/m\u00eas, com percept\u00edvel ganho na ilumina\u00e7\u00e3o.<\/p>\n<p>As atividades do Programa Boniteza seguem em andamento em diversos pontos da cidade. A programa\u00e7\u00e3o di\u00e1ria completa pode ser conferida atrav\u00e9s da p\u00e1gina do Gabinete de A\u00e7\u00e3o e Di\u00e1logo Comunit\u00e1rio, pelo<strong><a href=\"https:\/\/www.pjf.mg.gov.br\/gabinetecomunitario\/#onde\">\u00a0link<\/a><\/strong>.\u00a0Para solicitar servi\u00e7os de zeladoria em vias p\u00fablicas, como tapa-buracos, poda e corte de \u00e1rvores, limpeza de pra\u00e7as e outros, entre em contato com o Gabinete de A\u00e7\u00e3o e Di\u00e1logo Comunit\u00e1rio, atrav\u00e9s do telefone (32) 3690-7241 (liga\u00e7\u00e3o ou WhatsApp).<\/p>\n","protected":false},"excerpt":{"rendered":"<p>Segundo informa\u00e7\u00f5es do site da Prefeitura de Juiz de Fora (PJF), o Programa Boniteza, da Prefeitura de Juiz de Fora (PJF), segue atuando por toda a cidade com a\u00e7\u00f5es de melhoria da mobilidade urbana e acessibilidade. Nesta sexta-feira, 17, a prefeita Margarida Salom\u00e3o, juntamente com o secret\u00e1rio de Obras, Lincoln Santos, esteve em Penido para [&hellip;]<\/p>\n","protected":false},"author":246,"featured_media":211642,"comment_status":"closed","ping_status":"closed","sticky":false,"template":"","format":"standard","meta":{"footnotes":""},"categories":[253,436,439],"tags":[],"class_list":["post-211641","post","type-post","status-publish","format-standard","has-post-thumbnail","hentry","category-cidade","category-destaque-da-semana","category-ultima-hora"],"_links":{"self":[{"href":"https:\/\/diarioregionaldigital.com.br\/index.php?rest_route=\/wp\/v2\/posts\/211641","targetHints":{"allow":["GET"]}}],"collection":[{"href":"https:\/\/diarioregionaldigital.com.br\/index.php?rest_route=\/wp\/v2\/posts"}],"about":[{"href":"https:\/\/diarioregionaldigital.com.br\/index.php?rest_route=\/wp\/v2\/types\/post"}],"author":[{"embeddable":true,"href":"https:\/\/diarioregionaldigital.com.br\/index.php?rest_route=\/wp\/v2\/users\/246"}],"replies":[{"embeddable":true,"href":"https:\/\/diarioregionaldigital.com.br\/index.php?rest_route=%2Fwp%2Fv2%2Fcomments&post=211641"}],"version-history":[{"count":2,"href":"https:\/\/diarioregionaldigital.com.br\/index.php?rest_route=\/wp\/v2\/posts\/211641\/revisions"}],"predecessor-version":[{"id":211644,"href":"https:\/\/diarioregionaldigital.com.br\/index.php?rest_route=\/wp\/v2\/posts\/211641\/revisions\/211644"}],"wp:featuredmedia":[{"embeddable":true,"href":"https:\/\/diarioregionaldigital.com.br\/index.php?rest_route=\/wp\/v2\/media\/211642"}],"wp:attachment":[{"href":"https:\/\/diarioregionaldigital.com.br\/index.php?rest_route=%2Fwp%2Fv2%2Fmedia&parent=211641"}],"wp:term":[{"taxonomy":"category","embeddable":true,"href":"https:\/\/diarioregionaldigital.com.br\/index.php?rest_route=%2Fwp%2Fv2%2Fcategories&post=211641"},{"taxonomy":"post_tag","embeddable":true,"href":"https:\/\/diarioregionaldigital.com.br\/index.php?rest_route=%2Fwp%2Fv2%2Ftags&post=211641"}],"curies":[{"name":"wp","href":"https:\/\/api.w.org\/{rel}","templated":true}]}}