{"id":211634,"date":"2023-03-20T19:29:47","date_gmt":"2023-03-20T22:29:47","guid":{"rendered":"https:\/\/diarioregionaldigital.com.br\/?p=211634"},"modified":"2023-03-20T19:29:47","modified_gmt":"2023-03-20T22:29:47","slug":"julia-soares-leva-ouro-em-tradicional-evento-de-ginastica-na-alemanha","status":"publish","type":"post","link":"https:\/\/diarioregionaldigital.com.br\/?p=211634","title":{"rendered":"J\u00falia Soares leva ouro em tradicional evento de gin\u00e1stica na Alemanha"},"content":{"rendered":"<p>A brasileira J\u00falia Soares conquistou, neste\u00a0domingo\u00a0(19), a medalha de ouro no\u00a0DTB-Pokal, tradicional evento de gin\u00e1stica art\u00edstica, realizado em Stuttgart (Alemanha). A paranaense de 17 anos venceu a disputa do solo, com nota 13.300, apresentando-se com uma m\u00fasica do desenho animado Aladdin e acertando as quatro acrobacias que realizou.<img decoding=\"async\" src=\"https:\/\/agenciabrasil.ebc.com.br\/ebc.png?id=1517340&amp;o=node\" \/><img decoding=\"async\" src=\"https:\/\/agenciabrasil.ebc.com.br\/ebc.gif?id=1517340&amp;o=node\" \/><\/p>\n<p>Julinha teve a mesma pontua\u00e7\u00e3o da norte-americana Joscelyn Roberson, mas\u00a0terminou \u00e0 frente por\u00a0ter\u00a0uma nota de execu\u00e7\u00e3o (8.000 a 7.700) melhor. O terceiro lugar ficou com a canadense Aurelie Tran (12.833). A brasileira tamb\u00e9m chegou \u00e0 final da trave, acabando na\u00a0quarta\u00a0posi\u00e7\u00e3o, com 12.633 pontos. O p\u00f3dio foi composto pela alem\u00e3 Jessica Schlegel (13,433), a belga Maellyse Brassart (13.133) e a francesa L\u00e9a Franceries (12,733).<\/p>\n<p>Entre os homens, Yuri Guimar\u00e3es foi medalhista de prata no salto. Com m\u00e9dia 14.416 ap\u00f3s duas tentativas, o brasileiro ficou atr\u00e1s somente do brit\u00e2nico Harry Hepworth (14.866). O turco Adem Asil, com 13.866, foi o terceiro colocado e completou o p\u00f3dio. Na decis\u00e3o do solo, o paulista\u00a0foi o sexto, com 13.066 pontos.<\/p>\n<p>O torneio de Stuttgart serviu como treinamento para o Campeonato Mundial deste ano, entre\u00a030 de setembro\u00a0e\u00a08 de outubro, em Antu\u00e9rpia (B\u00e9lgica). A competi\u00e7\u00e3o valer\u00e1 vagas para a Olimp\u00edada de Paris (Fran\u00e7a), no ano que vem. A delega\u00e7\u00e3o que disputou o\u00a0DTB-Pokal\u00a0n\u00e3o contou com os principais nomes do pa\u00eds na gin\u00e1stica art\u00edstica, mas foi composta por jovens revela\u00e7\u00f5es da modalidade.<\/p>\n<p>&#8220;\u00c9 uma competi\u00e7\u00e3o de in\u00edcio de temporada na qual come\u00e7amos a preparar os ginastas para os eventos do ano, principalmente eventos em equipe. \u00c9 uma competi\u00e7\u00e3o forte, de n\u00edvel t\u00e9cnico alto, sempre com muitos ginastas que se destacam mundialmente&#8221;, afirmou o t\u00e9cnico da sele\u00e7\u00e3o, Cristiano Albino, \u00e0 Confedera\u00e7\u00e3o Brasileira de Gin\u00e1stica (CBG).<\/p>\n<p><strong>&gt;&gt;Read it in English:\u00a0<a href=\"https:\/\/agenciabrasil.ebc.com.br\/en\/esportes\/noticia\/2023-03\/julia-soares-takes-gold-traditional-gymnastics-event-germany\" target=\"_blank\" rel=\"noopener\">J\u00falia\u00a0Soares bags gymnastics\u00a0gold in\u00a0traditional Stuttgart\u00a0event<\/a><\/strong><\/p>\n<p><strong>&gt;&gt;Lea en espa\u00f1ol:\u00a0<a href=\"https:\/\/agenciabrasil.ebc.com.br\/es\/esportes\/noticia\/2023-03\/julia-soares-se-lleva-el-oro-en-prueba-de-gimnasia-tradicional-en-alemania\" target=\"_blank\" rel=\"noopener\">J\u00falia Soares, oro en la gimnasia art\u00edstica en Alemania<\/a><\/strong><\/p>\n<h2>Bronze na gin\u00e1stica r\u00edtmica<\/h2>\n<p>No\u00a0s\u00e1bado\u00a0(18), a sele\u00e7\u00e3o brasileira de conjunto obteve uma in\u00e9dita medalha de bronze na prova geral da etapa de Atenas (Gr\u00e9cia) da Copa do Mundo de gin\u00e1stica r\u00edtmica &#8211; a disputa \u00e9 que vale medalha na Olimp\u00edada. O pa\u00eds j\u00e1 havia subido ao p\u00f3dio em edi\u00e7\u00f5es anteriores do evento, em 2013 e no ano passado, mas nunca no geral.<\/p>\n<p>A equipe formada por Giovana Silva, Maria Eduarda Arakaki, Nicole P\u00edrcio, Sofia Madeira e Vict\u00f3ria Borges totalizou 63.850 pontos, com nota 35.000 na apresenta\u00e7\u00e3o de cinco arcos, na\u00a0sexta-feira (17), e 28.850 na s\u00e9rie mista (duas bolas e tr\u00eas fitas). Foi a primeira vez que uma sele\u00e7\u00e3o fora da Europa e da \u00c1sia conquistou uma medalha no geral em uma etapa de Copa do Mundo. A sele\u00e7\u00e3o de Israel (65.450 pontos) ficou com o ouro e a da Bulg\u00e1ria (64.700) levou a prata.<\/p>\n<p>&#8220;Logo depois da nossa apresenta\u00e7\u00e3o nos arcos, todos os outros times come\u00e7aram a nos observar. Est\u00e3o de olho na gente agora. Acho que esta \u00e9 uma vit\u00f3ria de muitas entidades, de muita gente. Tivemos alguns problemas para formar esta equipe, mas conseguimos super\u00e1-los, porque temos 12 ginastas treinando l\u00e1 em Aracaju&#8221;, celebrou a t\u00e9cnica Camila Ferezin, ao site da CBG.<\/p>\n<p><span style=\"font-weight: 400;\">Fonte: Ag\u00eancia Brasil <\/span><\/p>\n","protected":false},"excerpt":{"rendered":"<p>A brasileira J\u00falia Soares conquistou, neste\u00a0domingo\u00a0(19), a medalha de ouro no\u00a0DTB-Pokal, tradicional evento de gin\u00e1stica art\u00edstica, realizado em Stuttgart (Alemanha). A paranaense de 17 anos venceu a disputa do solo, com nota 13.300, apresentando-se com uma m\u00fasica do desenho animado Aladdin e acertando as quatro acrobacias que realizou. Julinha teve a mesma pontua\u00e7\u00e3o da norte-americana [&hellip;]<\/p>\n","protected":false},"author":246,"featured_media":211635,"comment_status":"closed","ping_status":"closed","sticky":false,"template":"","format":"standard","meta":{"footnotes":""},"categories":[436,257,439],"tags":[],"class_list":["post-211634","post","type-post","status-publish","format-standard","has-post-thumbnail","hentry","category-destaque-da-semana","category-esporte","category-ultima-hora"],"_links":{"self":[{"href":"https:\/\/diarioregionaldigital.com.br\/index.php?rest_route=\/wp\/v2\/posts\/211634","targetHints":{"allow":["GET"]}}],"collection":[{"href":"https:\/\/diarioregionaldigital.com.br\/index.php?rest_route=\/wp\/v2\/posts"}],"about":[{"href":"https:\/\/diarioregionaldigital.com.br\/index.php?rest_route=\/wp\/v2\/types\/post"}],"author":[{"embeddable":true,"href":"https:\/\/diarioregionaldigital.com.br\/index.php?rest_route=\/wp\/v2\/users\/246"}],"replies":[{"embeddable":true,"href":"https:\/\/diarioregionaldigital.com.br\/index.php?rest_route=%2Fwp%2Fv2%2Fcomments&post=211634"}],"version-history":[{"count":1,"href":"https:\/\/diarioregionaldigital.com.br\/index.php?rest_route=\/wp\/v2\/posts\/211634\/revisions"}],"predecessor-version":[{"id":211636,"href":"https:\/\/diarioregionaldigital.com.br\/index.php?rest_route=\/wp\/v2\/posts\/211634\/revisions\/211636"}],"wp:featuredmedia":[{"embeddable":true,"href":"https:\/\/diarioregionaldigital.com.br\/index.php?rest_route=\/wp\/v2\/media\/211635"}],"wp:attachment":[{"href":"https:\/\/diarioregionaldigital.com.br\/index.php?rest_route=%2Fwp%2Fv2%2Fmedia&parent=211634"}],"wp:term":[{"taxonomy":"category","embeddable":true,"href":"https:\/\/diarioregionaldigital.com.br\/index.php?rest_route=%2Fwp%2Fv2%2Fcategories&post=211634"},{"taxonomy":"post_tag","embeddable":true,"href":"https:\/\/diarioregionaldigital.com.br\/index.php?rest_route=%2Fwp%2Fv2%2Ftags&post=211634"}],"curies":[{"name":"wp","href":"https:\/\/api.w.org\/{rel}","templated":true}]}}