{"id":211628,"date":"2023-03-20T19:25:32","date_gmt":"2023-03-20T22:25:32","guid":{"rendered":"https:\/\/diarioregionaldigital.com.br\/?p=211628"},"modified":"2023-03-20T19:25:32","modified_gmt":"2023-03-20T22:25:32","slug":"selecao-e-convocada-para-finalissima-feminina-contra-a-inglaterra","status":"publish","type":"post","link":"https:\/\/diarioregionaldigital.com.br\/?p=211628","title":{"rendered":"Sele\u00e7\u00e3o \u00e9 convocada para Final\u00edssima Feminina contra a Inglaterra"},"content":{"rendered":"<p>A t\u00e9cnica Pia Sundhage convocou 26 jogadoras da sele\u00e7\u00e3o brasileira que v\u00e3o disputar o t\u00edtulo da Final\u00edssima Feminina contra a Inglaterra no dia 6 de abril e, cinco dias depois, um amistoso contra a Alemanha, o \u00faltimo antes da Copa do Mundo de futebol feminino. Na lista anunciada nesta segunda-feira (20) est\u00e3o duas estreantes: a goleira Camila (Santos) e a atacante Aline (Ferrovi\u00e1ria). \u00a0Quem est\u00e1 de volta \u00e0 equipe \u00e9 a meia Duda Sampaio (Corinthians), j\u00e1 recuperada de les\u00e3o. \u00a0<img decoding=\"async\" src=\"https:\/\/agenciabrasil.ebc.com.br\/ebc.png?id=1517450&amp;o=node\" \/><img decoding=\"async\" src=\"https:\/\/agenciabrasil.ebc.com.br\/ebc.gif?id=1517450&amp;o=node\" \/><\/p>\n<blockquote><p>N\u00f3s chegamos bem mais pr\u00f3ximo da lista final. Como voc\u00eas podem imaginar sempre haver\u00e1 mudan\u00e7as, fizemos algumas agora. Vamos discutir nos \u00faltimos minutos quem estar\u00e1 na Copa do Mundo. Temos alguns novos nomes, e \u00e9 muito bom porque vamos enfrentar duas grandes oponentes e vamos poder observ\u00e1-las &#8211; disse a treinadora em coletiva esta manh\u00e3 na sede da Confedera\u00e7\u00e3o Brasileira de Futebol (CBF), no Rio de Janeiro.<\/p><\/blockquote>\n<p>Os confrontos do Brasil contra a Inglaterra e Alemanha &#8211;\u00a0\u00a0duas sele\u00e7\u00f5es top 5 do ranking mundial &#8211; s\u00e3o cruciais na prepara\u00e7\u00e3o da equipe para a Copa do Mundo feminina, a partir de 20 de julho, na Austr\u00e1lia e Nova Zel\u00e2ndia.<\/p>\n<p>A Final\u00edssima colocar\u00e1 frente a frente \u00a0as sele\u00e7\u00f5es brasileira e inglesa,\u00a0campe\u00e3s da Copa Am\u00e9rica (Conmebol) e Euro Feminina (Uefa), respetivamente. O duelo ocorrer\u00e1 no Est\u00e1dio de Wembley, em Londres, \u00e0s 16h45 (hor\u00e1rio de Bras\u00edlia) do dia 6 de abril (quinta-feira). \u00a0Depois a equipe brasileira ruma para a Alemanha, para enfrentar a sele\u00e7\u00e3o anfitri\u00e3, atual vice-campe\u00e3 europeia, em 11 de abril (ter\u00e7a-feira), \u00e0s 14h, no Est\u00e1dio Max Morlock, em Nuremberg.<\/p>\n<p>Os dois jogos ocorrer\u00e3o na Data Fifa (per\u00edodo reservado\u00a0pela\u00a0entidade m\u00e1xima do futebol para que sele\u00e7\u00f5es disputem amistosos ou jogos oficiais), que vai de 3 a 11 de abril.<\/p>\n<h2>Convocadas<\/h2>\n<p><strong>Goleiras<\/strong><\/p>\n<p>Camila &#8211; Santos<br \/>\nLeticia Izidoro &#8211; Corinthians<br \/>\nLuciana &#8211; Ferrovi\u00e1ria<\/p>\n<p><strong>Defensoras<\/strong><\/p>\n<p>Antonia &#8211; Levante UD (Espanha)<br \/>\nBruninha &#8211; NJ\/NY Gotham (Estados Unidos)<br \/>\nFernanda Palermo &#8211; S\u00e3o Paulo<br \/>\nKathellen &#8211; Real Madrid (Espanha)<br \/>\nLauren &#8211; Madrid CFF (Espanha)<br \/>\nTamires &#8211; Corinthians<br \/>\nTarciane &#8211; Corinthians<br \/>\nYasmim &#8211; Corinthians<br \/>\nRafaelle &#8211; Arsenal (Inglaterra)<\/p>\n<p><strong>Meio-campistas<\/strong><\/p>\n<p>Adriana &#8211; Orlando Pride (Estados Unidos)<br \/>\nAline &#8211; Ferrovi\u00e1ria<br \/>\nAry &#8211; Racing Louisville\u00a0(Estados Unidos)<br \/>\nAna Vit\u00f3ria &#8211; Benfica (Portugal)<br \/>\nDuda Francelino &#8211; Flamengo<br \/>\nDuda Sampaio &#8211; Corinthians<br \/>\nGabi Portilho &#8211; Corinthians<br \/>\nIngryd &#8211; Ferrovi\u00e1ria<br \/>\nKerolin &#8211; North Carolina Courage (Estados Unidos)<\/p>\n<p><strong>Atacantes<\/strong><\/p>\n<p>Bia Zaneratto &#8211; Palmeiras<br \/>\nGabi Nunes &#8211; Madrid CFF (Espanha)<br \/>\nGeyse &#8211; Barcelona (Espanha)<br \/>\nMarta &#8211; Orlando Pride (Estados Unidos)<br \/>\nNycole Raysla &#8211; Benfica (Portugal)<\/p>\n<p><span style=\"font-weight: 400;\">Fonte: Ag\u00eancia Brasil <\/span><\/p>\n","protected":false},"excerpt":{"rendered":"<p>A t\u00e9cnica Pia Sundhage convocou 26 jogadoras da sele\u00e7\u00e3o brasileira que v\u00e3o disputar o t\u00edtulo da Final\u00edssima Feminina contra a Inglaterra no dia 6 de abril e, cinco dias depois, um amistoso contra a Alemanha, o \u00faltimo antes da Copa do Mundo de futebol feminino. Na lista anunciada nesta segunda-feira (20) est\u00e3o duas estreantes: a [&hellip;]<\/p>\n","protected":false},"author":246,"featured_media":211629,"comment_status":"closed","ping_status":"closed","sticky":false,"template":"","format":"standard","meta":{"footnotes":""},"categories":[436,257,439],"tags":[],"class_list":["post-211628","post","type-post","status-publish","format-standard","has-post-thumbnail","hentry","category-destaque-da-semana","category-esporte","category-ultima-hora"],"_links":{"self":[{"href":"https:\/\/diarioregionaldigital.com.br\/index.php?rest_route=\/wp\/v2\/posts\/211628","targetHints":{"allow":["GET"]}}],"collection":[{"href":"https:\/\/diarioregionaldigital.com.br\/index.php?rest_route=\/wp\/v2\/posts"}],"about":[{"href":"https:\/\/diarioregionaldigital.com.br\/index.php?rest_route=\/wp\/v2\/types\/post"}],"author":[{"embeddable":true,"href":"https:\/\/diarioregionaldigital.com.br\/index.php?rest_route=\/wp\/v2\/users\/246"}],"replies":[{"embeddable":true,"href":"https:\/\/diarioregionaldigital.com.br\/index.php?rest_route=%2Fwp%2Fv2%2Fcomments&post=211628"}],"version-history":[{"count":1,"href":"https:\/\/diarioregionaldigital.com.br\/index.php?rest_route=\/wp\/v2\/posts\/211628\/revisions"}],"predecessor-version":[{"id":211630,"href":"https:\/\/diarioregionaldigital.com.br\/index.php?rest_route=\/wp\/v2\/posts\/211628\/revisions\/211630"}],"wp:featuredmedia":[{"embeddable":true,"href":"https:\/\/diarioregionaldigital.com.br\/index.php?rest_route=\/wp\/v2\/media\/211629"}],"wp:attachment":[{"href":"https:\/\/diarioregionaldigital.com.br\/index.php?rest_route=%2Fwp%2Fv2%2Fmedia&parent=211628"}],"wp:term":[{"taxonomy":"category","embeddable":true,"href":"https:\/\/diarioregionaldigital.com.br\/index.php?rest_route=%2Fwp%2Fv2%2Fcategories&post=211628"},{"taxonomy":"post_tag","embeddable":true,"href":"https:\/\/diarioregionaldigital.com.br\/index.php?rest_route=%2Fwp%2Fv2%2Ftags&post=211628"}],"curies":[{"name":"wp","href":"https:\/\/api.w.org\/{rel}","templated":true}]}}