{"id":211625,"date":"2023-03-20T19:21:56","date_gmt":"2023-03-20T22:21:56","guid":{"rendered":"https:\/\/diarioregionaldigital.com.br\/?p=211625"},"modified":"2023-03-20T19:21:56","modified_gmt":"2023-03-20T22:21:56","slug":"natacao-paralimpica-brasil-encerra-world-series-com-19-medalhas","status":"publish","type":"post","link":"https:\/\/diarioregionaldigital.com.br\/?p=211625","title":{"rendered":"Nata\u00e7\u00e3o paral\u00edmpica: Brasil encerra World Series com 19 medalhas"},"content":{"rendered":"<p>O Brasil encerrou a sua participa\u00e7\u00e3o no World Series de nata\u00e7\u00e3o paral\u00edmpica de Sheffield (Inglaterra) com o total de 19 medalhas e o estabelecimento de cinco novos recordes mundiais. No \u00faltimo domingo (19), oportunidade na qual a competi\u00e7\u00e3o foi encerrada, a equipe brasileira teve como destaques os ouros de Carol Santiago, nos 50 metros livre na classe S12 (baixa vis\u00e3o), e de Alan Kleber Bas\u00edlio, nos 50 metros livre da classe S4 (comprometimentos f\u00edsico-motores).<img decoding=\"async\" src=\"https:\/\/agenciabrasil.ebc.com.br\/ebc.png?id=1517615&amp;o=node\" \/><img decoding=\"async\" src=\"https:\/\/agenciabrasil.ebc.com.br\/ebc.gif?id=1517615&amp;o=node\" \/><\/p>\n<p>J\u00e1 nos 100 metros borboleta classe S5 (comprometimentos f\u00edsico-motores) Samuel de Oliveira brilhou nas eliminat\u00f3rias. Ao cumprir a dist\u00e2ncia em 1min16s44 ele bateu o recorde mundial da prova, que pertencia ao compatriota Daniel Dias desde 2013. Na final o brasileiro ficou com o bronze com o tempo de 1min17s39.<\/p>\n<p>A quarta medalha brasileira neste domingo veio com Cec\u00edlia Ara\u00fajo, prata nos 50 metros livre da classe S8 (comprometimentos f\u00edsico-motores). Com isso, o Brasil somou o total de sete ouros, sete pratas e cinco bronzes no World Series.<\/p>\n<p>\u201cA sele\u00e7\u00e3o brasileira teve uma participa\u00e7\u00e3o muito boa e assertiva, com excelentes resultados. Muitos atletas nadaram bem. Al\u00e9m disso, foi um teste para competi\u00e7\u00f5es mais longas. Tivemos um programa extenso de provas e nos planejamos de maneira multidisciplinar\u201d, declarou o t\u00e9cnico-chefe da sele\u00e7\u00e3o brasileira de nata\u00e7\u00e3o paral\u00edmpica, Leonardo Tomasello, em entrevista \u00e0 assessoria do Comit\u00ea Paral\u00edmpico Brasileiro.<\/p>\n<p><span style=\"font-weight: 400;\">Fonte: Ag\u00eancia Brasil <\/span><\/p>\n","protected":false},"excerpt":{"rendered":"<p>O Brasil encerrou a sua participa\u00e7\u00e3o no World Series de nata\u00e7\u00e3o paral\u00edmpica de Sheffield (Inglaterra) com o total de 19 medalhas e o estabelecimento de cinco novos recordes mundiais. No \u00faltimo domingo (19), oportunidade na qual a competi\u00e7\u00e3o foi encerrada, a equipe brasileira teve como destaques os ouros de Carol Santiago, nos 50 metros livre [&hellip;]<\/p>\n","protected":false},"author":246,"featured_media":211626,"comment_status":"closed","ping_status":"closed","sticky":false,"template":"","format":"standard","meta":{"footnotes":""},"categories":[436,440,257,439],"tags":[],"class_list":["post-211625","post","type-post","status-publish","format-standard","has-post-thumbnail","hentry","category-destaque-da-semana","category-destaques-do-dia","category-esporte","category-ultima-hora"],"_links":{"self":[{"href":"https:\/\/diarioregionaldigital.com.br\/index.php?rest_route=\/wp\/v2\/posts\/211625","targetHints":{"allow":["GET"]}}],"collection":[{"href":"https:\/\/diarioregionaldigital.com.br\/index.php?rest_route=\/wp\/v2\/posts"}],"about":[{"href":"https:\/\/diarioregionaldigital.com.br\/index.php?rest_route=\/wp\/v2\/types\/post"}],"author":[{"embeddable":true,"href":"https:\/\/diarioregionaldigital.com.br\/index.php?rest_route=\/wp\/v2\/users\/246"}],"replies":[{"embeddable":true,"href":"https:\/\/diarioregionaldigital.com.br\/index.php?rest_route=%2Fwp%2Fv2%2Fcomments&post=211625"}],"version-history":[{"count":1,"href":"https:\/\/diarioregionaldigital.com.br\/index.php?rest_route=\/wp\/v2\/posts\/211625\/revisions"}],"predecessor-version":[{"id":211627,"href":"https:\/\/diarioregionaldigital.com.br\/index.php?rest_route=\/wp\/v2\/posts\/211625\/revisions\/211627"}],"wp:featuredmedia":[{"embeddable":true,"href":"https:\/\/diarioregionaldigital.com.br\/index.php?rest_route=\/wp\/v2\/media\/211626"}],"wp:attachment":[{"href":"https:\/\/diarioregionaldigital.com.br\/index.php?rest_route=%2Fwp%2Fv2%2Fmedia&parent=211625"}],"wp:term":[{"taxonomy":"category","embeddable":true,"href":"https:\/\/diarioregionaldigital.com.br\/index.php?rest_route=%2Fwp%2Fv2%2Fcategories&post=211625"},{"taxonomy":"post_tag","embeddable":true,"href":"https:\/\/diarioregionaldigital.com.br\/index.php?rest_route=%2Fwp%2Fv2%2Ftags&post=211625"}],"curies":[{"name":"wp","href":"https:\/\/api.w.org\/{rel}","templated":true}]}}