{"id":211621,"date":"2023-03-20T19:17:13","date_gmt":"2023-03-20T22:17:13","guid":{"rendered":"https:\/\/diarioregionaldigital.com.br\/?p=211621"},"modified":"2023-03-20T19:17:13","modified_gmt":"2023-03-20T22:17:13","slug":"ministro-do-stf-pede-informacoes-a-lira-sobre-tramitacao-de-mps","status":"publish","type":"post","link":"https:\/\/diarioregionaldigital.com.br\/?p=211621","title":{"rendered":"Ministro do STF pede informa\u00e7\u00f5es a Lira sobre tramita\u00e7\u00e3o de MPs"},"content":{"rendered":"<p>O ministro Nunes Marques, do Supremo Tribunal Federal (STF), determinou hoje (20) que o presidente da C\u00e2mara dos Deputados, Arthur Lira (PP-AL), preste informa\u00e7\u00f5es sobre a tramita\u00e7\u00e3o de medidas provis\u00f3rias.<img decoding=\"async\" src=\"https:\/\/agenciabrasil.ebc.com.br\/ebc.png?id=1517612&amp;o=node\" \/><img decoding=\"async\" src=\"https:\/\/agenciabrasil.ebc.com.br\/ebc.gif?id=1517612&amp;o=node\" \/><\/p>\n<p>A decis\u00e3o foi motivada por uma a\u00e7\u00e3o protocolada na semana passada pelo senador Alessandro Vieira (PSDB-SE) para obrigar Lira a designar as comiss\u00f5es mistas para analisar de medidas provis\u00f3rias, rito que foi suspenso durante a pandemia de covid-19 e permitiu a vota\u00e7\u00e3o das mat\u00e9rias diretamente no plen\u00e1rio da C\u00e2mara e do Senado.<\/p>\n<p>A determina\u00e7\u00e3o do ministro tem por objetivo obter a manifesta\u00e7\u00e3o de Arthur Lira antes de julgar a quest\u00e3o. A Advocacia-Geral da Uni\u00e3o (AGU) e a Procuradoria-Geral da Rep\u00fablica (PGR) tamb\u00e9m dever\u00e3o se manifestar sobre a quest\u00e3o. N\u00e3o h\u00e1 prazo para a decis\u00e3o final.<\/p>\n<p>Na a\u00e7\u00e3o, Vieira pretende que o Supremo suspenda o ato conjunto da C\u00e2mara e do Senado que, em mar\u00e7o de 2020,\u00a0<a href=\"https:\/\/agenciabrasil.ebc.com.br\/politica\/noticia\/2020-04\/coronavirus-camara-e-senado-alteram-tramitacao-de-mps\" target=\"_blank\" rel=\"noopener\">flexibilizou as regras de tramita\u00e7\u00e3o<\/a>.<\/p>\n<p>No m\u00eas passado, outro ato conjunto das mesas diretoras das duas Casas definiu o retorno ao regime ordin\u00e1rio e o dever de criar comiss\u00f5es para an\u00e1lise de mat\u00e9rias. Contudo, segundo o senador, a medida n\u00e3o est\u00e1 sendo cumprida por Lira.<\/p>\n<p>Segundo o parlamentar, a manuten\u00e7\u00e3o do modelo d\u00e1 poderes extraordin\u00e1rios ao presidente da Casa, que pode definir os relatores das MPs, al\u00e9m do envio da mat\u00e9ria ao Senado \u00e0s v\u00e9speras do prazo de caducidade.<\/p>\n<p>\u201cPor depender a aprova\u00e7\u00e3o do ato tamb\u00e9m da manifesta\u00e7\u00e3o de vontade do presidente da C\u00e2mara dos Deputados, ora autoridade coatora, tem o Sr. Arthur Lira quedado inerte, recusando-se a firmar a proposta em nome da Mesa Diretora da C\u00e2mara, na medida em que pretende que o exame das medidas provis\u00f3rias continue indefinidamente nos moldes atuais\u201d, argumentou o senador.<\/p>\n<h2>MPs<\/h2>\n<p>As medidas provis\u00f3rias (MPs) s\u00e3o normas com for\u00e7a de lei, enviadas pelo presidente da Rep\u00fablica para an\u00e1lise do Congresso Nacional.<\/p>\n<p>A regra \u00e9 que a MP seja editada em situa\u00e7\u00f5es de relev\u00e2ncia e urg\u00eancia. Assim que \u00e9 editada, a MP j\u00e1 produz efeito jur\u00eddico imediato.<\/p>\n<p>Mas, para se converter em lei precisa ser aprovada pela C\u00e2mara dos Deputados e pelo Senado. O prazo de vig\u00eancia da MP \u00e9 de 60 dias, prorrogados automaticamente por igual per\u00edodo se a vota\u00e7\u00e3o no Congresso n\u00e3o tiver sido conclu\u00edda.<\/p>\n<p><span style=\"font-weight: 400;\">Fonte: Ag\u00eancia Brasil <\/span><\/p>\n","protected":false},"excerpt":{"rendered":"<p>O ministro Nunes Marques, do Supremo Tribunal Federal (STF), determinou hoje (20) que o presidente da C\u00e2mara dos Deputados, Arthur Lira (PP-AL), preste informa\u00e7\u00f5es sobre a tramita\u00e7\u00e3o de medidas provis\u00f3rias. A decis\u00e3o foi motivada por uma a\u00e7\u00e3o protocolada na semana passada pelo senador Alessandro Vieira (PSDB-SE) para obrigar Lira a designar as comiss\u00f5es mistas para [&hellip;]<\/p>\n","protected":false},"author":246,"featured_media":211623,"comment_status":"closed","ping_status":"closed","sticky":false,"template":"","format":"standard","meta":{"footnotes":""},"categories":[436,254,439],"tags":[],"class_list":["post-211621","post","type-post","status-publish","format-standard","has-post-thumbnail","hentry","category-destaque-da-semana","category-politica","category-ultima-hora"],"_links":{"self":[{"href":"https:\/\/diarioregionaldigital.com.br\/index.php?rest_route=\/wp\/v2\/posts\/211621","targetHints":{"allow":["GET"]}}],"collection":[{"href":"https:\/\/diarioregionaldigital.com.br\/index.php?rest_route=\/wp\/v2\/posts"}],"about":[{"href":"https:\/\/diarioregionaldigital.com.br\/index.php?rest_route=\/wp\/v2\/types\/post"}],"author":[{"embeddable":true,"href":"https:\/\/diarioregionaldigital.com.br\/index.php?rest_route=\/wp\/v2\/users\/246"}],"replies":[{"embeddable":true,"href":"https:\/\/diarioregionaldigital.com.br\/index.php?rest_route=%2Fwp%2Fv2%2Fcomments&post=211621"}],"version-history":[{"count":1,"href":"https:\/\/diarioregionaldigital.com.br\/index.php?rest_route=\/wp\/v2\/posts\/211621\/revisions"}],"predecessor-version":[{"id":211624,"href":"https:\/\/diarioregionaldigital.com.br\/index.php?rest_route=\/wp\/v2\/posts\/211621\/revisions\/211624"}],"wp:featuredmedia":[{"embeddable":true,"href":"https:\/\/diarioregionaldigital.com.br\/index.php?rest_route=\/wp\/v2\/media\/211623"}],"wp:attachment":[{"href":"https:\/\/diarioregionaldigital.com.br\/index.php?rest_route=%2Fwp%2Fv2%2Fmedia&parent=211621"}],"wp:term":[{"taxonomy":"category","embeddable":true,"href":"https:\/\/diarioregionaldigital.com.br\/index.php?rest_route=%2Fwp%2Fv2%2Fcategories&post=211621"},{"taxonomy":"post_tag","embeddable":true,"href":"https:\/\/diarioregionaldigital.com.br\/index.php?rest_route=%2Fwp%2Fv2%2Ftags&post=211621"}],"curies":[{"name":"wp","href":"https:\/\/api.w.org\/{rel}","templated":true}]}}