{"id":211618,"date":"2023-03-20T19:15:18","date_gmt":"2023-03-20T22:15:18","guid":{"rendered":"https:\/\/diarioregionaldigital.com.br\/?p=211618"},"modified":"2023-03-20T19:15:18","modified_gmt":"2023-03-20T22:15:18","slug":"moraes-pede-a-pgr-manifestacao-sobre-suspensao-das-redes-de-nikolas","status":"publish","type":"post","link":"https:\/\/diarioregionaldigital.com.br\/?p=211618","title":{"rendered":"Moraes pede \u00e0 PGR manifesta\u00e7\u00e3o sobre suspens\u00e3o das redes de Nikolas"},"content":{"rendered":"<p>O ministro do Supremo Tribunal Federal (STF) Alexandre de Moraes pediu\u00a0hoje\u00a0(20) a manifesta\u00e7\u00e3o da Procuradoria-Geral da Rep\u00fablica (PGR) sobre o pedido da deputada federal Erika Hilton (PSOL-SP) para suspender as redes sociais do deputado federal Nikolas Ferreira (PL-MG).\u00a0<img decoding=\"async\" src=\"https:\/\/agenciabrasil.ebc.com.br\/ebc.png?id=1517628&amp;o=node\" \/><img decoding=\"async\" src=\"https:\/\/agenciabrasil.ebc.com.br\/ebc.gif?id=1517628&amp;o=node\" \/><\/p>\n<p>A parlamentar pediu a suspens\u00e3o de acesso\u00a0<a href=\"https:\/\/agenciabrasil.ebc.com.br\/justica\/noticia\/2023-03\/mendonca-sera-relator-de-processos-contra-deputado-nikolas-ferreira\" target=\"_blank\" rel=\"noopener\">ap\u00f3s discurso do deputado<\/a>\u00a0no Dia Internacional da Mulher, quando Nikolas\u00a0vestiu uma peruca amarela e disse que \u201cse sentia uma mulher\u201d\u00a0e afirmou ainda\u00a0que \u201cas mulheres est\u00e3o perdendo seu espa\u00e7o para homens que se sentem mulheres\u201d. Para a comunidade LGBTQIA+, o parlamentar cometeu crime de transfobia no discurso.<\/p>\n<p>\u201cAbra-se vista dos autos \u00e0 Procuradoria-Geral da Rep\u00fablica, para manifesta\u00e7\u00e3o quanto ao requerimento apresentado pela deputada federal \u00c9rika Hilton, para imposi\u00e7\u00e3o de medidas cautelares em desfavor do deputado federal Nikolas Ferreira no prazo de 5 cinco dias\u201d, despachou Moraes.<\/p>\n<p>Ap\u00f3s o epis\u00f3dio, pelas redes sociais, Nikolas Ferreira negou qualquer ofensa. \u201cDefendi o direito das mulheres de n\u00e3o perderem seu espa\u00e7o nos esportes para trans &#8211; visto a diferen\u00e7a biol\u00f3gica &#8211; e de n\u00e3o\u00a0ter\u00a0um homem no banheiro feminino. N\u00e3o h\u00e1 transfobia em minha fala. Elucidei o exemplo com uma peruca. O que passar disso \u00e9 histeria e narrativa\u201d, afirmou.<\/p>\n<p><span style=\"font-weight: 400;\">Fonte: Ag\u00eancia Brasil <\/span><\/p>\n","protected":false},"excerpt":{"rendered":"<p>O ministro do Supremo Tribunal Federal (STF) Alexandre de Moraes pediu\u00a0hoje\u00a0(20) a manifesta\u00e7\u00e3o da Procuradoria-Geral da Rep\u00fablica (PGR) sobre o pedido da deputada federal Erika Hilton (PSOL-SP) para suspender as redes sociais do deputado federal Nikolas Ferreira (PL-MG).\u00a0 A parlamentar pediu a suspens\u00e3o de acesso\u00a0ap\u00f3s discurso do deputado\u00a0no Dia Internacional da Mulher, quando Nikolas\u00a0vestiu uma [&hellip;]<\/p>\n","protected":false},"author":246,"featured_media":211619,"comment_status":"closed","ping_status":"closed","sticky":false,"template":"","format":"standard","meta":{"footnotes":""},"categories":[436,254,439],"tags":[],"class_list":["post-211618","post","type-post","status-publish","format-standard","has-post-thumbnail","hentry","category-destaque-da-semana","category-politica","category-ultima-hora"],"_links":{"self":[{"href":"https:\/\/diarioregionaldigital.com.br\/index.php?rest_route=\/wp\/v2\/posts\/211618","targetHints":{"allow":["GET"]}}],"collection":[{"href":"https:\/\/diarioregionaldigital.com.br\/index.php?rest_route=\/wp\/v2\/posts"}],"about":[{"href":"https:\/\/diarioregionaldigital.com.br\/index.php?rest_route=\/wp\/v2\/types\/post"}],"author":[{"embeddable":true,"href":"https:\/\/diarioregionaldigital.com.br\/index.php?rest_route=\/wp\/v2\/users\/246"}],"replies":[{"embeddable":true,"href":"https:\/\/diarioregionaldigital.com.br\/index.php?rest_route=%2Fwp%2Fv2%2Fcomments&post=211618"}],"version-history":[{"count":2,"href":"https:\/\/diarioregionaldigital.com.br\/index.php?rest_route=\/wp\/v2\/posts\/211618\/revisions"}],"predecessor-version":[{"id":211622,"href":"https:\/\/diarioregionaldigital.com.br\/index.php?rest_route=\/wp\/v2\/posts\/211618\/revisions\/211622"}],"wp:featuredmedia":[{"embeddable":true,"href":"https:\/\/diarioregionaldigital.com.br\/index.php?rest_route=\/wp\/v2\/media\/211619"}],"wp:attachment":[{"href":"https:\/\/diarioregionaldigital.com.br\/index.php?rest_route=%2Fwp%2Fv2%2Fmedia&parent=211618"}],"wp:term":[{"taxonomy":"category","embeddable":true,"href":"https:\/\/diarioregionaldigital.com.br\/index.php?rest_route=%2Fwp%2Fv2%2Fcategories&post=211618"},{"taxonomy":"post_tag","embeddable":true,"href":"https:\/\/diarioregionaldigital.com.br\/index.php?rest_route=%2Fwp%2Fv2%2Ftags&post=211618"}],"curies":[{"name":"wp","href":"https:\/\/api.w.org\/{rel}","templated":true}]}}