{"id":211615,"date":"2023-03-20T19:12:54","date_gmt":"2023-03-20T22:12:54","guid":{"rendered":"https:\/\/diarioregionaldigital.com.br\/?p=211615"},"modified":"2023-03-20T19:12:54","modified_gmt":"2023-03-20T22:12:54","slug":"flavio-dino-vai-ao-rn-acompanhar-acoes-da-forca-nacional","status":"publish","type":"post","link":"https:\/\/diarioregionaldigital.com.br\/?p=211615","title":{"rendered":"Fl\u00e1vio Dino vai ao RN acompanhar a\u00e7\u00f5es da For\u00e7a Nacional"},"content":{"rendered":"<p>O ministro da Justi\u00e7a e Seguran\u00e7a P\u00fablica, Fl\u00e1vio Dino, viaja neste\u00a0<span id=\"OBJ_PREFIX_DWT642_com_zimbra_date\" role=\"link\"><span id=\"OBJ_PREFIX_DWT651_com_zimbra_date\" role=\"link\">domingo<\/span><\/span>\u00a0(19) a\u00a0<span id=\"OBJ_PREFIX_DWT643_com_zimbra_date\" role=\"link\"><span id=\"OBJ_PREFIX_DWT652_com_zimbra_date\" role=\"link\">Natal<\/span><\/span>, no Rio Grande do Norte, para acompanhar as a\u00e7\u00f5es da For\u00e7a Nacional no combate aos atentados criminosos no estado.<img decoding=\"async\" src=\"https:\/\/agenciabrasil.ebc.com.br\/ebc.png?id=1517349&amp;o=node\" \/><img decoding=\"async\" src=\"https:\/\/agenciabrasil.ebc.com.br\/ebc.gif?id=1517349&amp;o=node\" \/><\/p>\n<p>Ainda na noite deste domingo, Fl\u00e1vio Dino tem reuni\u00e3o com a equipe de seguran\u00e7a do Rio Grande do Norte. Nesta segunda-feira (20), \u00e0s 10h30min, Dino conceder\u00e1 uma coletiva de imprensa na sede da Secretaria da Seguran\u00e7a P\u00fablica e da Defesa Social.<\/p>\n<p>Ao menos 252\u00a0<a href=\"https:\/\/agenciabrasil.ebc.com.br\/geral\/noticia\/2023-03\/rio-grande-do-norte-registra-quinta-madrugada-de-ataques\" target=\"_blank\" rel=\"noopener\">ataques<\/a>\u00a0foram feitos contra a popula\u00e7\u00e3o, pr\u00e9dios p\u00fablicos, com\u00e9rcios e ve\u00edculos desde a \u00faltima\u00a0<span id=\"OBJ_PREFIX_DWT645_com_zimbra_date\" role=\"link\"><span id=\"OBJ_PREFIX_DWT654_com_zimbra_date\" role=\"link\">ter<\/span><\/span>\u00e7a-feira (14), segundo dados divulgados pela Secretaria de Seguran\u00e7a P\u00fablica e da Defesa Social do RN neste\u00a0<span id=\"OBJ_PREFIX_DWT646_com_zimbra_date\" role=\"link\"><span id=\"OBJ_PREFIX_DWT655_com_zimbra_date\" role=\"link\">s\u00e1bado<\/span><\/span>\u00a0(18). Para autoridades estaduais, os atos s\u00e3o uma retalia\u00e7\u00e3o do crime organizado a a\u00e7\u00f5es repressivas do governo, que resultaram em pris\u00f5es nas \u00faltimas semanas.<\/p>\n<p>O governo federal j\u00e1 determinou o envio de mais de 600\u00a0<a href=\"https:\/\/agenciabrasil.ebc.com.br\/geral\/noticia\/2023-03\/governo-federal-enviara-mais-100-agentes-da-forca-nacional-ao-rn\" target=\"_blank\" rel=\"noopener\">agentes da For\u00e7a Nacional\u00a0<\/a>e de for\u00e7as federais,\u00a0em apoio a tropas policiais do estado. Pelas redes sociais, o presidente Luiz In\u00e1cio Lula da Silva anunciou a ida de Dino para amanh\u00e3 (20), mas a assessoria do ministro confirmou que ele viaja ao RN ainda neste\u00a0<span id=\"OBJ_PREFIX_DWT648_com_zimbra_date\" role=\"link\"><span id=\"OBJ_PREFIX_DWT657_com_zimbra_date\" role=\"link\">domingo<\/span><\/span>.<\/p>\n<p>\u201cDesde\u00a0<span id=\"OBJ_PREFIX_DWT658_com_zimbra_date\" role=\"link\">ter<\/span>\u00e7a-feira, por meio do Minist\u00e9rio da Justi\u00e7a, estamos acompanhando e auxiliando o governo do Rio Grande do Norte no combate aos atentados criminosos. Tenho conversado por telefone com a governadora F\u00e1tima Bezerra, que tem feito um grande trabalho no enfrentamento dessa crise.\u00a0<span id=\"OBJ_PREFIX_DWT649_com_zimbra_date\" role=\"link\"><span id=\"OBJ_PREFIX_DWT659_com_zimbra_date\" role=\"link\">Hoje<\/span><\/span>\u00a0falei com ela e com o ministro Fl\u00e1vio Dino, que tamb\u00e9m est\u00e1 acompanhando a situa\u00e7\u00e3o e ir\u00e1 amanh\u00e3 ao estado, acompanhar o trabalho da For\u00e7a Nacional. Seguiremos dando todo o apoio para retomar a paz e proteger a democracia no Rio Grande do Norte\u201d, escreveu Lula.<\/p>\n<p>Desde a \u00faltima\u00a0ter\u00e7a-feira (14), quando houve os\u00a0<a href=\"https:\/\/agenciabrasil.ebc.com.br\/geral\/noticia\/2023-03\/operacao-normandia-investiga-suspeitos-de-trafico-e-assalto-no-rn\" target=\"_blank\" rel=\"noopener\">primeiros registros de viol\u00eancia<\/a>, 116 suspeitos foram presos, incluindo 18 presos na Opera\u00e7\u00e3o Normandia, deflagrada pela Pol\u00edcia Civil e pela Pol\u00edcia Federal na\u00a0sexta-feira (17). O balan\u00e7o da Secretaria de Seguran\u00e7a P\u00fablica e da Defesa Social do RN registra ainda 34 armas de fogo apreendidas, al\u00e9m de quatro falsas, 98 artefatos explosivos e 23 gal\u00f5es de gasolina. H\u00e1 tamb\u00e9m 12 motos, dois carros, dinheiro, drogas, muni\u00e7\u00f5es e produtos de furto recuperados.<\/p>\n<p><span style=\"font-weight: 400;\">Fonte: Ag\u00eancia Brasil <\/span><\/p>\n","protected":false},"excerpt":{"rendered":"<p>O ministro da Justi\u00e7a e Seguran\u00e7a P\u00fablica, Fl\u00e1vio Dino, viaja neste\u00a0domingo\u00a0(19) a\u00a0Natal, no Rio Grande do Norte, para acompanhar as a\u00e7\u00f5es da For\u00e7a Nacional no combate aos atentados criminosos no estado. Ainda na noite deste domingo, Fl\u00e1vio Dino tem reuni\u00e3o com a equipe de seguran\u00e7a do Rio Grande do Norte. Nesta segunda-feira (20), \u00e0s 10h30min, [&hellip;]<\/p>\n","protected":false},"author":246,"featured_media":211616,"comment_status":"closed","ping_status":"closed","sticky":false,"template":"","format":"standard","meta":{"footnotes":""},"categories":[436,254,439],"tags":[],"class_list":["post-211615","post","type-post","status-publish","format-standard","has-post-thumbnail","hentry","category-destaque-da-semana","category-politica","category-ultima-hora"],"_links":{"self":[{"href":"https:\/\/diarioregionaldigital.com.br\/index.php?rest_route=\/wp\/v2\/posts\/211615","targetHints":{"allow":["GET"]}}],"collection":[{"href":"https:\/\/diarioregionaldigital.com.br\/index.php?rest_route=\/wp\/v2\/posts"}],"about":[{"href":"https:\/\/diarioregionaldigital.com.br\/index.php?rest_route=\/wp\/v2\/types\/post"}],"author":[{"embeddable":true,"href":"https:\/\/diarioregionaldigital.com.br\/index.php?rest_route=\/wp\/v2\/users\/246"}],"replies":[{"embeddable":true,"href":"https:\/\/diarioregionaldigital.com.br\/index.php?rest_route=%2Fwp%2Fv2%2Fcomments&post=211615"}],"version-history":[{"count":1,"href":"https:\/\/diarioregionaldigital.com.br\/index.php?rest_route=\/wp\/v2\/posts\/211615\/revisions"}],"predecessor-version":[{"id":211617,"href":"https:\/\/diarioregionaldigital.com.br\/index.php?rest_route=\/wp\/v2\/posts\/211615\/revisions\/211617"}],"wp:featuredmedia":[{"embeddable":true,"href":"https:\/\/diarioregionaldigital.com.br\/index.php?rest_route=\/wp\/v2\/media\/211616"}],"wp:attachment":[{"href":"https:\/\/diarioregionaldigital.com.br\/index.php?rest_route=%2Fwp%2Fv2%2Fmedia&parent=211615"}],"wp:term":[{"taxonomy":"category","embeddable":true,"href":"https:\/\/diarioregionaldigital.com.br\/index.php?rest_route=%2Fwp%2Fv2%2Fcategories&post=211615"},{"taxonomy":"post_tag","embeddable":true,"href":"https:\/\/diarioregionaldigital.com.br\/index.php?rest_route=%2Fwp%2Fv2%2Ftags&post=211615"}],"curies":[{"name":"wp","href":"https:\/\/api.w.org\/{rel}","templated":true}]}}