{"id":211609,"date":"2023-03-20T18:58:12","date_gmt":"2023-03-20T21:58:12","guid":{"rendered":"https:\/\/diarioregionaldigital.com.br\/?p=211609"},"modified":"2023-03-20T18:58:12","modified_gmt":"2023-03-20T21:58:12","slug":"alckmin-diz-que-nova-ancora-fiscal-sera-apresentada-nos-proximos-dias","status":"publish","type":"post","link":"https:\/\/diarioregionaldigital.com.br\/?p=211609","title":{"rendered":"Alckmin diz que nova \u00e2ncora fiscal ser\u00e1 apresentada nos pr\u00f3ximos dias"},"content":{"rendered":"<p>O vice-presidente da Rep\u00fablica e ministro do Desenvolvimento, Ind\u00fastria, Com\u00e9rcio e Servi\u00e7os, Geraldo Alckmin, informou\u00a0que o governo federal deve encaminhar ao Congresso Nacional, nos pr\u00f3ximos dias, o projeto de ancoragem fiscal, exigido pela Emenda Constitucional de Transi\u00e7\u00e3o. Ele participou\u00a0nesta segunda-feira (20) de\u00a0evento no Banco Nacional de Desenvolvimento Econ\u00f4mico e Social (BNDES).<img decoding=\"async\" src=\"https:\/\/agenciabrasil.ebc.com.br\/ebc.png?id=1517431&amp;o=node\" \/><img decoding=\"async\" src=\"https:\/\/agenciabrasil.ebc.com.br\/ebc.gif?id=1517431&amp;o=node\" \/><\/p>\n<p>\u201cO presidente Lula ainda n\u00e3o deu a palavra final\u201d, afirmou o vice-presidente. \u201cO governo inteiro tem discutido de maneira muito harm\u00f4nica, dentro do princ\u00edpio de\u00a0<span id=\"OBJ_PREFIX_DWT342_com_zimbra_date\" role=\"link\"><span id=\"OBJ_PREFIX_DWT348_com_zimbra_date\" role=\"link\">ter<\/span><\/span>\u00a0uma ancoragem fiscal que controle o crescimento da d\u00edvida e, de outro lado, que permita investimento necess\u00e1rio ao crescimento. No momento certo, o presidente vai anunciar a nova ancoragem fiscal.\u201d<\/p>\n<p>A Emenda Constitucional da Transi\u00e7\u00e3o, que liberou do teto de gastos R$ 145 bilh\u00f5es do Bolsa Fam\u00edlia e at\u00e9 R$ 23 bilh\u00f5es em investimentos, caso haja excesso de arrecada\u00e7\u00e3o, estabeleceu a obriga\u00e7\u00e3o de o governo enviar um projeto de lei complementar que substitua o teto de gastos at\u00e9 agosto.<\/p>\n<p>\u201c[A proposta de ancoragem fiscal] vai, numa medida inteligente, combinando curva da d\u00edvida [<em>de um lado<\/em>], de outro lado super\u00e1vit, de outro lado controle do gasto. \u00c9 uma medida inteligente que vai trazer bastante seguran\u00e7a na quest\u00e3o fiscal.\u201d<\/p>\n<p>Alckmin disse que \u00e9 preciso reduzir a taxa b\u00e1sica de juros (Selic), j\u00e1 que isso tamb\u00e9m causa impactos fiscais no governo.<\/p>\n<p>\u201cO Brasil n\u00e3o tem uma infla\u00e7\u00e3o de demanda, pelo contr\u00e1rio, n\u00f3s precisamos \u00e9 estimular a economia. O mundo inteiro passa por um momento mais dif\u00edcil.\u00a0<span id=\"OBJ_PREFIX_DWT343_com_zimbra_date\" role=\"link\"><span id=\"OBJ_PREFIX_DWT349_com_zimbra_date\" role=\"link\">Hoje,<\/span><\/span>\u00a0grande parte dos pa\u00edses do mundo tem juros negativos. [<em>A taxa estando a<\/em>] 8% acima da infla\u00e7\u00e3o, isso acaba dificultando consumo, atrasa investimento e onera o fiscal. Nada pior para o fiscal do que isso, porque metade da d\u00edvida [<em>do governo<\/em>] \u00e9 Selic. Ent\u00e3o, acreditamos no bom senso e que vamos\u00a0<span id=\"OBJ_PREFIX_DWT344_com_zimbra_date\" role=\"link\"><span id=\"OBJ_PREFIX_DWT350_com_zimbra_date\" role=\"link\">ter<\/span><\/span>\u00a0redu\u00e7\u00e3o da taxa de juros\u201d, afirmou, acrescentando que cada 1% da taxa Selic gera R$ 25 bilh\u00f5es de custos para o governo, por ano.<\/p>\n<p>Alckmin destacou ainda que o governo est\u00e1 buscando viabilizar a reforma tribut\u00e1ria, que trar\u00e1, entre suas propostas, unir cinco tributos em consumo em um imposto sobre valor agregado. \u201cEla simplifica, reduz custo Brasil, ajuda a ind\u00fastria e ajuda a exporta\u00e7\u00e3o\u201d, disse.<\/p>\n<p><span style=\"font-weight: 400;\">Fonte: Ag\u00eancia Brasil <\/span><\/p>\n","protected":false},"excerpt":{"rendered":"<p>O vice-presidente da Rep\u00fablica e ministro do Desenvolvimento, Ind\u00fastria, Com\u00e9rcio e Servi\u00e7os, Geraldo Alckmin, informou\u00a0que o governo federal deve encaminhar ao Congresso Nacional, nos pr\u00f3ximos dias, o projeto de ancoragem fiscal, exigido pela Emenda Constitucional de Transi\u00e7\u00e3o. Ele participou\u00a0nesta segunda-feira (20) de\u00a0evento no Banco Nacional de Desenvolvimento Econ\u00f4mico e Social (BNDES). \u201cO presidente Lula ainda [&hellip;]<\/p>\n","protected":false},"author":246,"featured_media":211610,"comment_status":"closed","ping_status":"closed","sticky":false,"template":"","format":"standard","meta":{"footnotes":""},"categories":[436,261,439],"tags":[],"class_list":["post-211609","post","type-post","status-publish","format-standard","has-post-thumbnail","hentry","category-destaque-da-semana","category-economia","category-ultima-hora"],"_links":{"self":[{"href":"https:\/\/diarioregionaldigital.com.br\/index.php?rest_route=\/wp\/v2\/posts\/211609","targetHints":{"allow":["GET"]}}],"collection":[{"href":"https:\/\/diarioregionaldigital.com.br\/index.php?rest_route=\/wp\/v2\/posts"}],"about":[{"href":"https:\/\/diarioregionaldigital.com.br\/index.php?rest_route=\/wp\/v2\/types\/post"}],"author":[{"embeddable":true,"href":"https:\/\/diarioregionaldigital.com.br\/index.php?rest_route=\/wp\/v2\/users\/246"}],"replies":[{"embeddable":true,"href":"https:\/\/diarioregionaldigital.com.br\/index.php?rest_route=%2Fwp%2Fv2%2Fcomments&post=211609"}],"version-history":[{"count":1,"href":"https:\/\/diarioregionaldigital.com.br\/index.php?rest_route=\/wp\/v2\/posts\/211609\/revisions"}],"predecessor-version":[{"id":211611,"href":"https:\/\/diarioregionaldigital.com.br\/index.php?rest_route=\/wp\/v2\/posts\/211609\/revisions\/211611"}],"wp:featuredmedia":[{"embeddable":true,"href":"https:\/\/diarioregionaldigital.com.br\/index.php?rest_route=\/wp\/v2\/media\/211610"}],"wp:attachment":[{"href":"https:\/\/diarioregionaldigital.com.br\/index.php?rest_route=%2Fwp%2Fv2%2Fmedia&parent=211609"}],"wp:term":[{"taxonomy":"category","embeddable":true,"href":"https:\/\/diarioregionaldigital.com.br\/index.php?rest_route=%2Fwp%2Fv2%2Fcategories&post=211609"},{"taxonomy":"post_tag","embeddable":true,"href":"https:\/\/diarioregionaldigital.com.br\/index.php?rest_route=%2Fwp%2Fv2%2Ftags&post=211609"}],"curies":[{"name":"wp","href":"https:\/\/api.w.org\/{rel}","templated":true}]}}