{"id":211606,"date":"2023-03-20T18:56:54","date_gmt":"2023-03-20T21:56:54","guid":{"rendered":"https:\/\/diarioregionaldigital.com.br\/?p=211606"},"modified":"2023-03-20T18:56:54","modified_gmt":"2023-03-20T21:56:54","slug":"mercadante-diz-que-nao-e-momento-de-bndes-vender-participacoes","status":"publish","type":"post","link":"https:\/\/diarioregionaldigital.com.br\/?p=211606","title":{"rendered":"Mercadante diz que n\u00e3o \u00e9 momento de BNDES vender participa\u00e7\u00f5es"},"content":{"rendered":"<p>O presidente do Banco Nacional de Desenvolvimento Econ\u00f4mico e Social (BNDES), Aloizio Mercadante, disse nesta segunda-feira (20) que este n\u00e3o \u00e9 o momento para vender participa\u00e7\u00f5es societ\u00e1rias. Segundo ele, a venda de ativos s\u00f3 deve\u00a0ser feitas em uma conjuntura em que eles estejam valorizados.<img decoding=\"async\" src=\"https:\/\/agenciabrasil.ebc.com.br\/ebc.png?id=1517435&amp;o=node\" \/><img decoding=\"async\" src=\"https:\/\/agenciabrasil.ebc.com.br\/ebc.gif?id=1517435&amp;o=node\" \/><\/p>\n<p>\u201cN\u00e3o \u00e9 o momento agora. O momento \u00e9 uma crise internacional. As a\u00e7\u00f5es da Bolsa, em geral, ca\u00edram, as economias mundial e brasileira n\u00e3o conseguem fazer IPO [oferta p\u00fablica de a\u00e7\u00f5es], lan\u00e7ar t\u00edtulos para financiar\u201d, explica Mercadante. \u201cSe houver desinvestimento, faremos com toda prud\u00eancia\u201d.<\/p>\n<p>Ele afirmou que os investimentos do BNDESPar, o bra\u00e7o de participa\u00e7\u00f5es societ\u00e1rias do banco, foram recursos bem aplicados, crescendo, segundo ele, mais que o dobro do Ibovespa de 2000 at\u00e9 hoje. Mercadante disse acreditar, no entanto, que n\u00e3o h\u00e1 motivo para que o BNDES seja acionista de \u201cempresas maduras\u201d.<\/p>\n<p>O presidente do BNDES participou da abertura da confer\u00eancia Estrat\u00e9gias de Desenvolvimento Sustent\u00e1vel para o S\u00e9culo XXI, que re\u00fane especialistas no tema at\u00e9 esta ter\u00e7a-feira (21), na sede do banco.<\/p>\n<p>Durante seu discurso, Mercadante afirmou que o BNDES n\u00e3o pode mais ser usado como fonte de financiamento do Tesouro. \u201cN\u00e3o \u00e9 esse o papel do banco. \u00c9 financiar a economia, o pequeno empres\u00e1rio, a ind\u00fastria, o crescimento, a gera\u00e7\u00e3o de emprego\u201d.<\/p>\n<p><span style=\"font-weight: 400;\">Fonte: Ag\u00eancia Brasil <\/span><\/p>\n","protected":false},"excerpt":{"rendered":"<p>O presidente do Banco Nacional de Desenvolvimento Econ\u00f4mico e Social (BNDES), Aloizio Mercadante, disse nesta segunda-feira (20) que este n\u00e3o \u00e9 o momento para vender participa\u00e7\u00f5es societ\u00e1rias. Segundo ele, a venda de ativos s\u00f3 deve\u00a0ser feitas em uma conjuntura em que eles estejam valorizados. \u201cN\u00e3o \u00e9 o momento agora. O momento \u00e9 uma crise internacional. [&hellip;]<\/p>\n","protected":false},"author":246,"featured_media":211607,"comment_status":"closed","ping_status":"closed","sticky":false,"template":"","format":"standard","meta":{"footnotes":""},"categories":[436,261,439],"tags":[],"class_list":["post-211606","post","type-post","status-publish","format-standard","has-post-thumbnail","hentry","category-destaque-da-semana","category-economia","category-ultima-hora"],"_links":{"self":[{"href":"https:\/\/diarioregionaldigital.com.br\/index.php?rest_route=\/wp\/v2\/posts\/211606","targetHints":{"allow":["GET"]}}],"collection":[{"href":"https:\/\/diarioregionaldigital.com.br\/index.php?rest_route=\/wp\/v2\/posts"}],"about":[{"href":"https:\/\/diarioregionaldigital.com.br\/index.php?rest_route=\/wp\/v2\/types\/post"}],"author":[{"embeddable":true,"href":"https:\/\/diarioregionaldigital.com.br\/index.php?rest_route=\/wp\/v2\/users\/246"}],"replies":[{"embeddable":true,"href":"https:\/\/diarioregionaldigital.com.br\/index.php?rest_route=%2Fwp%2Fv2%2Fcomments&post=211606"}],"version-history":[{"count":1,"href":"https:\/\/diarioregionaldigital.com.br\/index.php?rest_route=\/wp\/v2\/posts\/211606\/revisions"}],"predecessor-version":[{"id":211608,"href":"https:\/\/diarioregionaldigital.com.br\/index.php?rest_route=\/wp\/v2\/posts\/211606\/revisions\/211608"}],"wp:featuredmedia":[{"embeddable":true,"href":"https:\/\/diarioregionaldigital.com.br\/index.php?rest_route=\/wp\/v2\/media\/211607"}],"wp:attachment":[{"href":"https:\/\/diarioregionaldigital.com.br\/index.php?rest_route=%2Fwp%2Fv2%2Fmedia&parent=211606"}],"wp:term":[{"taxonomy":"category","embeddable":true,"href":"https:\/\/diarioregionaldigital.com.br\/index.php?rest_route=%2Fwp%2Fv2%2Fcategories&post=211606"},{"taxonomy":"post_tag","embeddable":true,"href":"https:\/\/diarioregionaldigital.com.br\/index.php?rest_route=%2Fwp%2Fv2%2Ftags&post=211606"}],"curies":[{"name":"wp","href":"https:\/\/api.w.org\/{rel}","templated":true}]}}