{"id":211603,"date":"2023-03-20T18:55:21","date_gmt":"2023-03-20T21:55:21","guid":{"rendered":"https:\/\/diarioregionaldigital.com.br\/?p=211603"},"modified":"2023-03-20T18:55:21","modified_gmt":"2023-03-20T21:55:21","slug":"presidente-da-fiesp-diz-que-taxas-de-juros-no-brasil-sao-pornograficas","status":"publish","type":"post","link":"https:\/\/diarioregionaldigital.com.br\/?p=211603","title":{"rendered":"Presidente da Fiesp diz que taxas de juros no Brasil s\u00e3o pornogr\u00e1ficas"},"content":{"rendered":"<p>O presidente da Federa\u00e7\u00e3o das Ind\u00fastrias do Estado de S\u00e3o Paulo (Fiesp), Josu\u00e9 Gomes da Silva, chamou de \u201cpornogr\u00e1ficas\u201d as taxas de juros no Brasil. Em discurso nesta segunda-feira (20), no Banco Nacional do Desenvolvimento Econ\u00f4mico e Social (BNDES), ele disse que os atuais valores s\u00e3o inconceb\u00edveis e precisam ser reduzidos.<img decoding=\"async\" src=\"https:\/\/agenciabrasil.ebc.com.br\/ebc.png?id=1517451&amp;o=node\" \/><img decoding=\"async\" src=\"https:\/\/agenciabrasil.ebc.com.br\/ebc.gif?id=1517451&amp;o=node\" \/><\/p>\n<p>\u201c\u00c9 inconceb\u00edvel a atual taxa de juros no Brasil. Muitos querem associ\u00e1-la a um problema fiscal. A tese \u00e9 que h\u00e1 um abismo fiscal. Abismo fiscal num pa\u00eds que tem 73% do PIB de d\u00edvida bruta. Tirando as reservas [cambiais] s\u00e3o mais ou menos 54% de d\u00edvida. Tirando o caixa do Tesouro\u00a0Nacional, s\u00e3o menos de 45% do PIB de d\u00edvida l\u00edquida, num pa\u00eds com a riqueza do Brasil. Ent\u00e3o esta n\u00e3o \u00e9 uma boa explica\u00e7\u00e3o para as pornogr\u00e1ficas taxas de juros que praticamos no Brasil\u201d, disse.<\/p>\n<p>Segundo ele, altas taxas de juros prejudicam os investimentos da ind\u00fastria brasileira.<\/p>\n<p>No mesmo evento, o vice-presidente da Rep\u00fablica e ministro do Desenvolvimento, Ind\u00fastria, Com\u00e9rcio e Servi\u00e7os, Geraldo Alckmin, tamb\u00e9m criticou o valor da taxa b\u00e1sica de juros, a Selic, que est\u00e1 em 13,75% desde agosto do ano passado.<\/p>\n<p>\u201cN\u00e3o h\u00e1 nada que justifique ter 8% de taxa de juros real, acima da infla\u00e7\u00e3o, quando n\u00e3o h\u00e1 demanda explodindo e, de outro lado, no mundo inteiro, h\u00e1 praticamente juros negativos. N\u00f3s acreditamos no bom senso e que a gente v\u00e1, com a nova ancoragem fiscal, superar essa dificuldade\u201d, disse.<\/p>\n<p>O Comit\u00ea de Pol\u00edtica Monet\u00e1ria (Copom), do Banco Central, se re\u00fane a partir desta ter\u00e7a-feira (21), para definir a nova taxa Selic.<\/p>\n<p><span style=\"font-weight: 400;\">Fonte: Ag\u00eancia Brasil <\/span><\/p>\n","protected":false},"excerpt":{"rendered":"<p>O presidente da Federa\u00e7\u00e3o das Ind\u00fastrias do Estado de S\u00e3o Paulo (Fiesp), Josu\u00e9 Gomes da Silva, chamou de \u201cpornogr\u00e1ficas\u201d as taxas de juros no Brasil. Em discurso nesta segunda-feira (20), no Banco Nacional do Desenvolvimento Econ\u00f4mico e Social (BNDES), ele disse que os atuais valores s\u00e3o inconceb\u00edveis e precisam ser reduzidos. \u201c\u00c9 inconceb\u00edvel a atual [&hellip;]<\/p>\n","protected":false},"author":246,"featured_media":211604,"comment_status":"closed","ping_status":"closed","sticky":false,"template":"","format":"standard","meta":{"footnotes":""},"categories":[436,261,439],"tags":[],"class_list":["post-211603","post","type-post","status-publish","format-standard","has-post-thumbnail","hentry","category-destaque-da-semana","category-economia","category-ultima-hora"],"_links":{"self":[{"href":"https:\/\/diarioregionaldigital.com.br\/index.php?rest_route=\/wp\/v2\/posts\/211603","targetHints":{"allow":["GET"]}}],"collection":[{"href":"https:\/\/diarioregionaldigital.com.br\/index.php?rest_route=\/wp\/v2\/posts"}],"about":[{"href":"https:\/\/diarioregionaldigital.com.br\/index.php?rest_route=\/wp\/v2\/types\/post"}],"author":[{"embeddable":true,"href":"https:\/\/diarioregionaldigital.com.br\/index.php?rest_route=\/wp\/v2\/users\/246"}],"replies":[{"embeddable":true,"href":"https:\/\/diarioregionaldigital.com.br\/index.php?rest_route=%2Fwp%2Fv2%2Fcomments&post=211603"}],"version-history":[{"count":1,"href":"https:\/\/diarioregionaldigital.com.br\/index.php?rest_route=\/wp\/v2\/posts\/211603\/revisions"}],"predecessor-version":[{"id":211605,"href":"https:\/\/diarioregionaldigital.com.br\/index.php?rest_route=\/wp\/v2\/posts\/211603\/revisions\/211605"}],"wp:featuredmedia":[{"embeddable":true,"href":"https:\/\/diarioregionaldigital.com.br\/index.php?rest_route=\/wp\/v2\/media\/211604"}],"wp:attachment":[{"href":"https:\/\/diarioregionaldigital.com.br\/index.php?rest_route=%2Fwp%2Fv2%2Fmedia&parent=211603"}],"wp:term":[{"taxonomy":"category","embeddable":true,"href":"https:\/\/diarioregionaldigital.com.br\/index.php?rest_route=%2Fwp%2Fv2%2Fcategories&post=211603"},{"taxonomy":"post_tag","embeddable":true,"href":"https:\/\/diarioregionaldigital.com.br\/index.php?rest_route=%2Fwp%2Fv2%2Ftags&post=211603"}],"curies":[{"name":"wp","href":"https:\/\/api.w.org\/{rel}","templated":true}]}}