{"id":211597,"date":"2023-03-19T06:00:10","date_gmt":"2023-03-19T09:00:10","guid":{"rendered":"https:\/\/diarioregionaldigital.com.br\/?p=211597"},"modified":"2023-03-17T20:00:28","modified_gmt":"2023-03-17T23:00:28","slug":"ruy-um-vitorioso","status":"publish","type":"post","link":"https:\/\/diarioregionaldigital.com.br\/?p=211597","title":{"rendered":"Ruy, um vitorioso"},"content":{"rendered":"<p>Como vice-decano da Academia Brasileira de Letras, tenho acompanhado bem de perto o movimento de renova\u00e7\u00e3o da casa que consagrou a vida e a obra de imortais como Austreg\u00e9silo de Athayde e Ruy Barbosa. Agora, \u00e9 um outro Ruy que entra, o Castro, que se notabilizou em dois campos do conhecimento: o jornal\u00edstico e o liter\u00e1rio, com as suas vitoriosas biografias.<\/p>\n<p>A vaga \u00e9 \u00a0a de n\u00famero 13, que pertenceu ao not\u00e1vel S\u00e9rgio Paulo Rouanet, autor de uma c\u00e9lebre lei de incentivo \u00e0 cultura\u00a0 e que foi indevidamente criticado no governo anterior, num dos seus incr\u00edveis desservi\u00e7os ao pa\u00eds. Felizmente passou e estamos vivendo outros e mais promissores tempos.<\/p>\n<p>Minha liga\u00e7\u00e3o com o novo imortal, a quem dei a espada, na cerim\u00f4nia de posse, \u00e9 muito antiga. Data dos anos 50, quando eu era chefe de reportagem da revista \u201cManchete\u201d e Ruy um dos nossos jovens e promissores rep\u00f3rteres. Esperava que ele recordasse esses bons tempos, mas ele preferiu outros caminhos para fazer a sua narrativa, de todo modo bastante apreciada, como se viu pelos demorados aplausos com que foi saudado.<\/p>\n<p>Mesmo sendo colunista da \u201cFolha de S\u00e3o Paulo\u201d, onde escreve quatro vezes por semana, Ruy encontrou tempo para elaborar livros de 500 p\u00e1ginas cada, em m\u00e9dia, sobre grandes figuras da hist\u00f3ria brasileira, como Nelson Rodrigues (\u201cO anjo pornogr\u00e1fico\u201d), Garrincha (\u201cEstrela solit\u00e1ria\u201d) e Carmen Miranda, uma portuguesa que se tornou carioca por ado\u00e7\u00e3o e que acabou vivendo tempos brilhantes no cinema norte-americano.<\/p>\n<p>Lembro bem de ter recebido um telefonema de Ruy para me perguntar sobre os porres de Garrincha. Eu estivera com ele em\u00a0 Po\u00e7os de Calda e Arax\u00e1, em 1958, nos preparativos da Copa do Mundo, afinal vencida pelo Brasil na Su\u00e9cia. \u201c\u00c9 verdade que Garrincha enchia a cara depois dos treinos, causando grande preocupa\u00e7\u00e3o \u00e0 nossa Comiss\u00e3o T\u00e9cnica, dirigida por Vicente Faola?\u201d Honestamente, sempre muito cuidadoso em todos os pormenores do meu trabalho, n\u00e3o pude confirmar a not\u00edcia que chegara aos ouvidos do jovem rep\u00f3rter de Caratinga, mas tamb\u00e9m carioca por ado\u00e7\u00e3o. N\u00e3o sei se ele ficou contente com as minhas afirma\u00e7\u00f5es. Garrincha era uma das nossas maiores esperan\u00e7as de vit\u00f3ria. E isso acabou se confirmando em Estocolmo.<\/p>\n<p>S\u00e3o fatos passados. Hoje, o que importa \u00e9 que Ruy Castro entrou lindamente para a ABL, com uma cerim\u00f4nia muito bonita.<\/p>\n","protected":false},"excerpt":{"rendered":"<p>Como vice-decano da Academia Brasileira de Letras, tenho acompanhado bem de perto o movimento de renova\u00e7\u00e3o da casa que consagrou a vida e a obra de imortais como Austreg\u00e9silo de Athayde e Ruy Barbosa. Agora, \u00e9 um outro Ruy que entra, o Castro, que se notabilizou em dois campos do conhecimento: o jornal\u00edstico e o [&hellip;]<\/p>\n","protected":false},"author":96,"featured_media":0,"comment_status":"closed","ping_status":"closed","sticky":false,"template":"","format":"standard","meta":{"footnotes":""},"categories":[275],"tags":[],"class_list":["post-211597","post","type-post","status-publish","format-standard","hentry","category-arnaldo-niskier"],"_links":{"self":[{"href":"https:\/\/diarioregionaldigital.com.br\/index.php?rest_route=\/wp\/v2\/posts\/211597","targetHints":{"allow":["GET"]}}],"collection":[{"href":"https:\/\/diarioregionaldigital.com.br\/index.php?rest_route=\/wp\/v2\/posts"}],"about":[{"href":"https:\/\/diarioregionaldigital.com.br\/index.php?rest_route=\/wp\/v2\/types\/post"}],"author":[{"embeddable":true,"href":"https:\/\/diarioregionaldigital.com.br\/index.php?rest_route=\/wp\/v2\/users\/96"}],"replies":[{"embeddable":true,"href":"https:\/\/diarioregionaldigital.com.br\/index.php?rest_route=%2Fwp%2Fv2%2Fcomments&post=211597"}],"version-history":[{"count":1,"href":"https:\/\/diarioregionaldigital.com.br\/index.php?rest_route=\/wp\/v2\/posts\/211597\/revisions"}],"predecessor-version":[{"id":211598,"href":"https:\/\/diarioregionaldigital.com.br\/index.php?rest_route=\/wp\/v2\/posts\/211597\/revisions\/211598"}],"wp:attachment":[{"href":"https:\/\/diarioregionaldigital.com.br\/index.php?rest_route=%2Fwp%2Fv2%2Fmedia&parent=211597"}],"wp:term":[{"taxonomy":"category","embeddable":true,"href":"https:\/\/diarioregionaldigital.com.br\/index.php?rest_route=%2Fwp%2Fv2%2Fcategories&post=211597"},{"taxonomy":"post_tag","embeddable":true,"href":"https:\/\/diarioregionaldigital.com.br\/index.php?rest_route=%2Fwp%2Fv2%2Ftags&post=211597"}],"curies":[{"name":"wp","href":"https:\/\/api.w.org\/{rel}","templated":true}]}}