{"id":211591,"date":"2023-03-17T18:10:10","date_gmt":"2023-03-17T21:10:10","guid":{"rendered":"https:\/\/diarioregionaldigital.com.br\/?p=211591"},"modified":"2023-03-17T18:10:10","modified_gmt":"2023-03-17T21:10:10","slug":"remodelacao-de-rede-de-esgoto-altera-transito-na-avenida-simao-firjam-neste-final-de-semana","status":"publish","type":"post","link":"https:\/\/diarioregionaldigital.com.br\/?p=211591","title":{"rendered":"Remodela\u00e7\u00e3o de rede de esgoto altera tr\u00e2nsito na Avenida Sim\u00e3o Firjam neste final de semana"},"content":{"rendered":"<p>Segundo informa\u00e7\u00f5es do site da Prefeitura de Juiz de Fora (PJF), neste s\u00e1bado, 18, e domingo, 19, a Prefeitura de Juiz de Fora (PJF) ir\u00e1 realizar a remodela\u00e7\u00e3o de 50 metros da rede de esgoto da Avenida Sim\u00e3o Firjam, na altura do Distrito Industrial. Os trabalhos da Companhia de Saneamento Municipal (Cesama) estar\u00e3o focados na esquina com a Rua Galileu Picorelli, onde ser\u00e3o implantados novos tubos de PVC com 300 mil\u00edmetros de di\u00e2metro. O material ir\u00e1 substituir as antigas manilhas de barro que atendiam a regi\u00e3o, aumentando a vida \u00fatil do sistema e reduzindo a necessidade de manuten\u00e7\u00f5es.<\/p>\n<div id=\"box_texto_noticia\">\n<p>Para a condu\u00e7\u00e3o dos trabalhos, o fluxo de ve\u00edculos estar\u00e1 totalmente interditado na avenida, no trecho em frente \u00e0 Rua Professora Helena Antipoff, de 8h \u00e0s 18h. A obra ser\u00e1 realizada no fim de semana para minimizar os impactos no tr\u00e2nsito da regi\u00e3o. Desta forma, a Cesama pede aos moradores que, se poss\u00edvel, retirem seus ve\u00edculos do local antes do in\u00edcio dos servi\u00e7os. O tr\u00e2nsito ser\u00e1 desviado para as ruas Galileu Picorelli, Bruno Similly e J\u00falio Dion\u00edsio Cardoso. A previs\u00e3o \u00e9 de que a obra seja finalizada neste domingo, com possibilidade de se estender at\u00e9 segunda-feira, 20.<\/p>\n<p>As a\u00e7\u00f5es de remodela\u00e7\u00e3o de redes de esgoto s\u00e3o realizadas ao longo do ano, seguindo uma programa\u00e7\u00e3o de prioridades, quando \u00e9 avaliada a necessidade de troca da tubula\u00e7\u00e3o. A an\u00e1lise leva em conta a antiguidade e o desgaste do material, o fato de o dimensionamento da rede j\u00e1 n\u00e3o ser compat\u00edvel com o n\u00famero de im\u00f3veis atendidos e os transtornos causados aos usu\u00e1rios do sistema, al\u00e9m dos custos de manuten\u00e7\u00e3o.<\/p>\n<p><strong>Desvios do transporte coletivo<\/strong><\/p>\n<p>Algumas linhas que passam no local da obra v\u00e3o sofrer modifica\u00e7\u00e3o tempor\u00e1ria de itiner\u00e1rio. S\u00e3o as seguintes:<\/p>\n<p><strong>716 \u2013 Distrito Industrial<\/strong><\/p>\n<p>&#8230;Rua Martins Barbosa, Rua Paulo Garcia, Rua In\u00eas Garcia, Av. J.K, Trevo Mercedes Benz, BR 040(sentido R.J), Rua L\u00facio Barroso de Paula, Av. Ant\u00f4nio Sim\u00e3o Firjam, Rua Julio Dionisio, Rua Bruno Simili\u2026<\/p>\n<p><strong>718 \u2013 Ponte Preta<\/strong><\/p>\n<p>&#8230;Rua Martins Barbosa, Rua Paulo Garcia, Rua In\u00eas Garcia, Av. J.K, Trevo Mercedes Benz, BR 040(sentido R.J), Rua L\u00facio Barroso de Paula, Av. Ant\u00f4nio Sim\u00e3o Firjam, Rua Julio Dionisio, Rua Bruno Simili (\u00e0 direita)\u2026<\/p>\n<p><strong>724 \u2013 Santa L\u00facia\/Distrito Industrial<\/strong><\/p>\n<p>&#8230;Rua Martins Barbosa, Rua Paulo Garcia, Rua In\u00eas Garcia, Av. J.K, Trevo Mercedes Benz, BR 040(sentido RJ), Rua L\u00facio Barroso de Paula, Av. Ant\u00f4nio Sim\u00e3o Firjam, Rua Julio Dionisio, Rua Bruno Simili\u2026<\/p>\n<p><strong>726 \u2013 Igrejinha, 740 \u2013 Humait\u00e1, 741 \u2013 Valadares, 742 \u2013 Ros\u00e1rio, 743 \u2013 Toledos, 744 \u2013 Palmital, 745 \u2013 Ros\u00e1rio de Minase 746 \u2013 Circular BR-267, 752 \u2013 Penido<\/strong><\/p>\n<p>&#8230;Rua Martins Barbosa, Rua Paulo Garcia, Rua In\u00eas Garcia, Av. J.K, Trevo Mercedes Benz, BR 040(sentido R.J), Rua L\u00facio Barroso de Paula, Av. Ant\u00f4nio Sim\u00e3o Firjam, Rua Julio Dionisio, Rua Bruno Simili, Rua Fernando Lamarca, Rua Ant\u00f4nio Sim\u00e3o Firjam, BR 040&#8230;<\/p>\n<p><strong>Outras informa\u00e7\u00f5es:<\/strong><\/p>\n<p>(32) 3692-9179 &#8211; Assessoria de Comunica\u00e7\u00e3o da Cesama<\/p>\n<\/div>\n<p>&nbsp;<\/p>\n<div id=\"box_compartilhar\" align=\"right\"><\/div>\n","protected":false},"excerpt":{"rendered":"<p>Segundo informa\u00e7\u00f5es do site da Prefeitura de Juiz de Fora (PJF), neste s\u00e1bado, 18, e domingo, 19, a Prefeitura de Juiz de Fora (PJF) ir\u00e1 realizar a remodela\u00e7\u00e3o de 50 metros da rede de esgoto da Avenida Sim\u00e3o Firjam, na altura do Distrito Industrial. Os trabalhos da Companhia de Saneamento Municipal (Cesama) estar\u00e3o focados na [&hellip;]<\/p>\n","protected":false},"author":246,"featured_media":211592,"comment_status":"closed","ping_status":"closed","sticky":false,"template":"","format":"standard","meta":{"footnotes":""},"categories":[253,436,439],"tags":[],"class_list":["post-211591","post","type-post","status-publish","format-standard","has-post-thumbnail","hentry","category-cidade","category-destaque-da-semana","category-ultima-hora"],"_links":{"self":[{"href":"https:\/\/diarioregionaldigital.com.br\/index.php?rest_route=\/wp\/v2\/posts\/211591","targetHints":{"allow":["GET"]}}],"collection":[{"href":"https:\/\/diarioregionaldigital.com.br\/index.php?rest_route=\/wp\/v2\/posts"}],"about":[{"href":"https:\/\/diarioregionaldigital.com.br\/index.php?rest_route=\/wp\/v2\/types\/post"}],"author":[{"embeddable":true,"href":"https:\/\/diarioregionaldigital.com.br\/index.php?rest_route=\/wp\/v2\/users\/246"}],"replies":[{"embeddable":true,"href":"https:\/\/diarioregionaldigital.com.br\/index.php?rest_route=%2Fwp%2Fv2%2Fcomments&post=211591"}],"version-history":[{"count":1,"href":"https:\/\/diarioregionaldigital.com.br\/index.php?rest_route=\/wp\/v2\/posts\/211591\/revisions"}],"predecessor-version":[{"id":211593,"href":"https:\/\/diarioregionaldigital.com.br\/index.php?rest_route=\/wp\/v2\/posts\/211591\/revisions\/211593"}],"wp:featuredmedia":[{"embeddable":true,"href":"https:\/\/diarioregionaldigital.com.br\/index.php?rest_route=\/wp\/v2\/media\/211592"}],"wp:attachment":[{"href":"https:\/\/diarioregionaldigital.com.br\/index.php?rest_route=%2Fwp%2Fv2%2Fmedia&parent=211591"}],"wp:term":[{"taxonomy":"category","embeddable":true,"href":"https:\/\/diarioregionaldigital.com.br\/index.php?rest_route=%2Fwp%2Fv2%2Fcategories&post=211591"},{"taxonomy":"post_tag","embeddable":true,"href":"https:\/\/diarioregionaldigital.com.br\/index.php?rest_route=%2Fwp%2Fv2%2Ftags&post=211591"}],"curies":[{"name":"wp","href":"https:\/\/api.w.org\/{rel}","templated":true}]}}