{"id":211588,"date":"2023-03-17T18:07:30","date_gmt":"2023-03-17T21:07:30","guid":{"rendered":"https:\/\/diarioregionaldigital.com.br\/?p=211588"},"modified":"2023-03-17T18:07:30","modified_gmt":"2023-03-17T21:07:30","slug":"campanha-arrecada-doacoes-de-brinquedos-para-montagem-de-brinquedoteca-escolar","status":"publish","type":"post","link":"https:\/\/diarioregionaldigital.com.br\/?p=211588","title":{"rendered":"Campanha arrecada doa\u00e7\u00f5es de brinquedos para montagem de brinquedoteca escolar"},"content":{"rendered":"<p>Segundo informa\u00e7\u00f5es do site da Prefeitura de Juiz de Fora (PJF), \u201cAjude um brinquedo a encontrar uma crian\u00e7a\u201d. Com essa mensagem, as secretarias de Secretarias de Seguran\u00e7a Urbana e Cidadania (Sesuc) e de Educa\u00e7\u00e3o (SE) est\u00e3o promovendo campanha de arrecada\u00e7\u00e3o de brinquedos para a montagem de brinquedoteca escolar. Os interessados em contribuir podem fazer a entrega de doa\u00e7\u00f5es na sede da Sesuc, \u00e0 Avenida Sete de Setembro, 768 e na Secretaria de Educa\u00e7\u00e3o no Complexo Cultural Bernardo Mascarenhas, \u00e0 Avenida Get\u00falio Vargas, 200. A campanha segue at\u00e9 o dia 31 de mar\u00e7o.<\/p>\n","protected":false},"excerpt":{"rendered":"<p>Segundo informa\u00e7\u00f5es do site da Prefeitura de Juiz de Fora (PJF), \u201cAjude um brinquedo a encontrar uma crian\u00e7a\u201d. Com essa mensagem, as secretarias de Secretarias de Seguran\u00e7a Urbana e Cidadania (Sesuc) e de Educa\u00e7\u00e3o (SE) est\u00e3o promovendo campanha de arrecada\u00e7\u00e3o de brinquedos para a montagem de brinquedoteca escolar. Os interessados em contribuir podem fazer a [&hellip;]<\/p>\n","protected":false},"author":246,"featured_media":211589,"comment_status":"closed","ping_status":"closed","sticky":false,"template":"","format":"standard","meta":{"footnotes":""},"categories":[253,436,439],"tags":[],"class_list":["post-211588","post","type-post","status-publish","format-standard","has-post-thumbnail","hentry","category-cidade","category-destaque-da-semana","category-ultima-hora"],"_links":{"self":[{"href":"https:\/\/diarioregionaldigital.com.br\/index.php?rest_route=\/wp\/v2\/posts\/211588","targetHints":{"allow":["GET"]}}],"collection":[{"href":"https:\/\/diarioregionaldigital.com.br\/index.php?rest_route=\/wp\/v2\/posts"}],"about":[{"href":"https:\/\/diarioregionaldigital.com.br\/index.php?rest_route=\/wp\/v2\/types\/post"}],"author":[{"embeddable":true,"href":"https:\/\/diarioregionaldigital.com.br\/index.php?rest_route=\/wp\/v2\/users\/246"}],"replies":[{"embeddable":true,"href":"https:\/\/diarioregionaldigital.com.br\/index.php?rest_route=%2Fwp%2Fv2%2Fcomments&post=211588"}],"version-history":[{"count":1,"href":"https:\/\/diarioregionaldigital.com.br\/index.php?rest_route=\/wp\/v2\/posts\/211588\/revisions"}],"predecessor-version":[{"id":211590,"href":"https:\/\/diarioregionaldigital.com.br\/index.php?rest_route=\/wp\/v2\/posts\/211588\/revisions\/211590"}],"wp:featuredmedia":[{"embeddable":true,"href":"https:\/\/diarioregionaldigital.com.br\/index.php?rest_route=\/wp\/v2\/media\/211589"}],"wp:attachment":[{"href":"https:\/\/diarioregionaldigital.com.br\/index.php?rest_route=%2Fwp%2Fv2%2Fmedia&parent=211588"}],"wp:term":[{"taxonomy":"category","embeddable":true,"href":"https:\/\/diarioregionaldigital.com.br\/index.php?rest_route=%2Fwp%2Fv2%2Fcategories&post=211588"},{"taxonomy":"post_tag","embeddable":true,"href":"https:\/\/diarioregionaldigital.com.br\/index.php?rest_route=%2Fwp%2Fv2%2Ftags&post=211588"}],"curies":[{"name":"wp","href":"https:\/\/api.w.org\/{rel}","templated":true}]}}