{"id":211571,"date":"2023-03-17T17:56:34","date_gmt":"2023-03-17T20:56:34","guid":{"rendered":"https:\/\/diarioregionaldigital.com.br\/?p=211571"},"modified":"2023-03-17T17:56:34","modified_gmt":"2023-03-17T20:56:34","slug":"vasco-perde-nos-penaltis-para-o-abc-e-se-despede-da-copa-do-brasil","status":"publish","type":"post","link":"https:\/\/diarioregionaldigital.com.br\/?p=211571","title":{"rendered":"Vasco perde nos p\u00eanaltis para o ABC e se despede da Copa do Brasil"},"content":{"rendered":"<p>Mesmo empurrado por sua apaixonada torcida que compareceu ao est\u00e1dio de S\u00e3o Janu\u00e1rio, o Vasco deu adeus \u00e0 Copa do Brasil ap\u00f3s ser superado por 6 a 5 pelo ABC, na noite desta quinta-feira (16) . No tempo regulamentar o confronto terminou em empate de 0 a 0.<img decoding=\"async\" src=\"https:\/\/agenciabrasil.ebc.com.br\/ebc.png?id=1516969&amp;o=node\" \/><img decoding=\"async\" src=\"https:\/\/agenciabrasil.ebc.com.br\/ebc.gif?id=1516969&amp;o=node\" \/><\/p>\n<p>Com a bola rolando, o Cruzmaltino e o Mais Querido n\u00e3o fizeram uma boa apresenta\u00e7\u00e3o, com a equipe da casa for\u00e7ando demais nas bolas levantadas na \u00e1rea e criando poucas oportunidades claras de gol no primeiro tempo. Na etapa final o t\u00e9cnico Maur\u00edcio Barbieri ainda tentou melhorar a produ\u00e7\u00e3o ofensiva de sua equipe ao colocar em campo os meias Nen\u00ea e Orellano, mas as mudan\u00e7as n\u00e3o deram resultado.<\/p>\n<p>Assim, a igualdade perdurou at\u00e9 o final dos 90 minutos, o que levou a partida para a disputa de p\u00eanaltis. E nas penalidades m\u00e1ximas o Vasco ficou muito pr\u00f3ximo da classifica\u00e7\u00e3o, pois Jair, Miranda, Nen\u00ea e Puma Rodr\u00edguez foram eficientes.<\/p>\n<p>Por\u00e9m, na hora de confirmar a classifica\u00e7\u00e3o (j\u00e1 que Walfrido havia perdido pelo ABC), Pedro Raul bateu por cima do gol e adiou o final da disputa. E a\u00ed o time potiguar n\u00e3o falhou mais e garantiu a classifica\u00e7\u00e3o ap\u00f3s Orellano chutar muito distante do gol defendido por Sim\u00e3o.<\/p>\n<p>Agora, o ABC aguarda sorteio a ser realizado posteriormente para conhecer seu pr\u00f3ximo advers\u00e1rio na competi\u00e7\u00e3o. A terceira fase da competi\u00e7\u00e3o tamb\u00e9m conta com a participa\u00e7\u00e3o de equipes que conseguiram a classifica\u00e7\u00e3o direta para esta etapa: Flamengo, Palmeiras, Corinthians, Fluminense, Atl\u00e9tico-MG, Athletico-PR, Fortaleza, Internacional, Cruzeiro, Paysandu, Sport e S\u00e3o Paulo.<\/p>\n<p><span style=\"font-weight: 400;\">Fonte: Ag\u00eancia Brasil <\/span><\/p>\n","protected":false},"excerpt":{"rendered":"<p>Mesmo empurrado por sua apaixonada torcida que compareceu ao est\u00e1dio de S\u00e3o Janu\u00e1rio, o Vasco deu adeus \u00e0 Copa do Brasil ap\u00f3s ser superado por 6 a 5 pelo ABC, na noite desta quinta-feira (16) . No tempo regulamentar o confronto terminou em empate de 0 a 0. Com a bola rolando, o Cruzmaltino e [&hellip;]<\/p>\n","protected":false},"author":246,"featured_media":211572,"comment_status":"closed","ping_status":"closed","sticky":false,"template":"","format":"standard","meta":{"footnotes":""},"categories":[436,257,439],"tags":[],"class_list":["post-211571","post","type-post","status-publish","format-standard","has-post-thumbnail","hentry","category-destaque-da-semana","category-esporte","category-ultima-hora"],"_links":{"self":[{"href":"https:\/\/diarioregionaldigital.com.br\/index.php?rest_route=\/wp\/v2\/posts\/211571","targetHints":{"allow":["GET"]}}],"collection":[{"href":"https:\/\/diarioregionaldigital.com.br\/index.php?rest_route=\/wp\/v2\/posts"}],"about":[{"href":"https:\/\/diarioregionaldigital.com.br\/index.php?rest_route=\/wp\/v2\/types\/post"}],"author":[{"embeddable":true,"href":"https:\/\/diarioregionaldigital.com.br\/index.php?rest_route=\/wp\/v2\/users\/246"}],"replies":[{"embeddable":true,"href":"https:\/\/diarioregionaldigital.com.br\/index.php?rest_route=%2Fwp%2Fv2%2Fcomments&post=211571"}],"version-history":[{"count":2,"href":"https:\/\/diarioregionaldigital.com.br\/index.php?rest_route=\/wp\/v2\/posts\/211571\/revisions"}],"predecessor-version":[{"id":211574,"href":"https:\/\/diarioregionaldigital.com.br\/index.php?rest_route=\/wp\/v2\/posts\/211571\/revisions\/211574"}],"wp:featuredmedia":[{"embeddable":true,"href":"https:\/\/diarioregionaldigital.com.br\/index.php?rest_route=\/wp\/v2\/media\/211572"}],"wp:attachment":[{"href":"https:\/\/diarioregionaldigital.com.br\/index.php?rest_route=%2Fwp%2Fv2%2Fmedia&parent=211571"}],"wp:term":[{"taxonomy":"category","embeddable":true,"href":"https:\/\/diarioregionaldigital.com.br\/index.php?rest_route=%2Fwp%2Fv2%2Fcategories&post=211571"},{"taxonomy":"post_tag","embeddable":true,"href":"https:\/\/diarioregionaldigital.com.br\/index.php?rest_route=%2Fwp%2Fv2%2Ftags&post=211571"}],"curies":[{"name":"wp","href":"https:\/\/api.w.org\/{rel}","templated":true}]}}