{"id":211567,"date":"2023-03-17T17:55:08","date_gmt":"2023-03-17T20:55:08","guid":{"rendered":"https:\/\/diarioregionaldigital.com.br\/?p=211567"},"modified":"2023-03-17T17:55:08","modified_gmt":"2023-03-17T20:55:08","slug":"brasil-conhece-adversarios-nos-pre-olimpicos-de-volei-em-setembro","status":"publish","type":"post","link":"https:\/\/diarioregionaldigital.com.br\/?p=211567","title":{"rendered":"Brasil conhece advers\u00e1rios nos Pr\u00e9-Olimpicos de V\u00f4lei, em setembro"},"content":{"rendered":"<p>A Federa\u00e7\u00e3o Internacional de V\u00f4lei (FIBV) definiu por sorteio nesta sexta-feira (17) as chaves dos torneios Pr\u00e9-Ol\u00edmpico de V\u00f4lei (masculino e feminino), que definem os primeiros classificados para os Jogos de Paris 2024. \u00a0A sele\u00e7\u00e3o masculina, que caiu no Grupo A, competir\u00e1 no Rio de Janeiro, uma das sedes do Pr\u00e9-Ol\u00edmpico entre homens, de 30 de setembro a 8 de outubro deste ano. J\u00e1 a equipe feminina brasileira, vice-campe\u00e3 ol\u00edmpica, est\u00e1 na Chave B e competir\u00e1 de 16 a 24 de setembro no Jap\u00e3o, que recebe um dos Pr\u00e9-Ol\u00edmpicos femininos.<img decoding=\"async\" src=\"https:\/\/agenciabrasil.ebc.com.br\/ebc.png?id=1517033&amp;o=node\" \/><img decoding=\"async\" src=\"https:\/\/agenciabrasil.ebc.com.br\/ebc.gif?id=1517033&amp;o=node\" \/><\/p>\n<p>Na disputa masculina, os brasileiros enfrentar\u00e3o em casa os italianos, atuais campe\u00f5es mundiais. Al\u00e9m de Brasil e It\u00e1lia, a Chave A tem ainda Ir\u00e3, Cuba, Ucr\u00e2nia, Alemanha, Rep\u00fablica Tcheca e Qatar.<\/p>\n<p>A sele\u00e7\u00e3o brasileira feminina ter\u00e1 pela frente no Grupo B as anfitri\u00e3s japonesas, e tamb\u00e9m as equipes de Turquia, B\u00e9lgica, Bulg\u00e1ria, Porto Rico, Argentina e Peru.<\/p>\n<p>Principais competi\u00e7\u00f5es classificat\u00f3rias para Paris 2024, os torneios distribuem duas vagas para os mais bem colocados em cada g\u00eanero. A Fran\u00e7a, por ser o pa\u00eds-sede, j\u00e1 tem garantida uma vaga e est\u00e1 fora da competi\u00e7\u00e3o. No masculino, os Pr\u00e9-Ol\u00edmpicos ocorrer\u00e3o concomitantemente no Rio de Janeiro, Jap\u00e3o e China. J\u00e1 os torneios femininos ser\u00e3o no Jap\u00e3o, China e Pol\u00f4nia.<\/p>\n<p>A Olimp\u00edada de Paris reunir\u00e1 12 \u00a0sele\u00e7\u00f5es de cada g\u00eanero. \u00a0Depois dos Pr\u00e9-Ol\u00edmpicos, haver\u00e1 defini\u00e7\u00e3o de vagas restantes pela coloca\u00e7\u00e3o das sele\u00e7\u00f5es no ranking da FIVB, ap\u00f3s a fase preliminar da Liga das Na\u00e7\u00f5es de 2024.<\/p>\n<p><span style=\"font-weight: 400;\">Fonte: Ag\u00eancia Brasil <\/span><\/p>\n","protected":false},"excerpt":{"rendered":"<p>A Federa\u00e7\u00e3o Internacional de V\u00f4lei (FIBV) definiu por sorteio nesta sexta-feira (17) as chaves dos torneios Pr\u00e9-Ol\u00edmpico de V\u00f4lei (masculino e feminino), que definem os primeiros classificados para os Jogos de Paris 2024. \u00a0A sele\u00e7\u00e3o masculina, que caiu no Grupo A, competir\u00e1 no Rio de Janeiro, uma das sedes do Pr\u00e9-Ol\u00edmpico entre homens, de 30 [&hellip;]<\/p>\n","protected":false},"author":246,"featured_media":211568,"comment_status":"closed","ping_status":"closed","sticky":false,"template":"","format":"standard","meta":{"footnotes":""},"categories":[436,257,439],"tags":[],"class_list":["post-211567","post","type-post","status-publish","format-standard","has-post-thumbnail","hentry","category-destaque-da-semana","category-esporte","category-ultima-hora"],"_links":{"self":[{"href":"https:\/\/diarioregionaldigital.com.br\/index.php?rest_route=\/wp\/v2\/posts\/211567","targetHints":{"allow":["GET"]}}],"collection":[{"href":"https:\/\/diarioregionaldigital.com.br\/index.php?rest_route=\/wp\/v2\/posts"}],"about":[{"href":"https:\/\/diarioregionaldigital.com.br\/index.php?rest_route=\/wp\/v2\/types\/post"}],"author":[{"embeddable":true,"href":"https:\/\/diarioregionaldigital.com.br\/index.php?rest_route=\/wp\/v2\/users\/246"}],"replies":[{"embeddable":true,"href":"https:\/\/diarioregionaldigital.com.br\/index.php?rest_route=%2Fwp%2Fv2%2Fcomments&post=211567"}],"version-history":[{"count":2,"href":"https:\/\/diarioregionaldigital.com.br\/index.php?rest_route=\/wp\/v2\/posts\/211567\/revisions"}],"predecessor-version":[{"id":211570,"href":"https:\/\/diarioregionaldigital.com.br\/index.php?rest_route=\/wp\/v2\/posts\/211567\/revisions\/211570"}],"wp:featuredmedia":[{"embeddable":true,"href":"https:\/\/diarioregionaldigital.com.br\/index.php?rest_route=\/wp\/v2\/media\/211568"}],"wp:attachment":[{"href":"https:\/\/diarioregionaldigital.com.br\/index.php?rest_route=%2Fwp%2Fv2%2Fmedia&parent=211567"}],"wp:term":[{"taxonomy":"category","embeddable":true,"href":"https:\/\/diarioregionaldigital.com.br\/index.php?rest_route=%2Fwp%2Fv2%2Fcategories&post=211567"},{"taxonomy":"post_tag","embeddable":true,"href":"https:\/\/diarioregionaldigital.com.br\/index.php?rest_route=%2Fwp%2Fv2%2Ftags&post=211567"}],"curies":[{"name":"wp","href":"https:\/\/api.w.org\/{rel}","templated":true}]}}