{"id":211564,"date":"2023-03-17T17:53:18","date_gmt":"2023-03-17T20:53:18","guid":{"rendered":"https:\/\/diarioregionaldigital.com.br\/?p=211564"},"modified":"2023-03-17T17:53:18","modified_gmt":"2023-03-17T20:53:18","slug":"liga-dos-campeoes-definidos-os-confrontos-das-quartas-e-o-chaveamento","status":"publish","type":"post","link":"https:\/\/diarioregionaldigital.com.br\/?p=211564","title":{"rendered":"Liga dos Campe\u00f5es: definidos os confrontos das quartas e o chaveamento"},"content":{"rendered":"<p>A Uni\u00e3o das Federa\u00e7\u00f5es Europeias de Futebol (Uefa) definiu por sorteio nesta sexta-feira (17), os confrontos das quartas de final da Liga dos Campe\u00f5es, e o chaveamento dos times at\u00e9 a grande final, em 10 de junho, em Istambul (Turquia). \u00a0<img decoding=\"async\" src=\"https:\/\/agenciabrasil.ebc.com.br\/ebc.png?id=1517060&amp;o=node\" \/><img decoding=\"async\" src=\"https:\/\/agenciabrasil.ebc.com.br\/ebc.gif?id=1517060&amp;o=node\" \/><\/p>\n<p>O atual campe\u00e3o Real Madrid, comandado pelo t\u00e9cnico Carlo Ancelotti, enfrentar\u00e1 o Chelsea (vencedor em 2021), do treinador Graham Stephen Potter.\u00a0 Em busca do t\u00edtulo in\u00e9dito na competi\u00e7\u00e3o, o Manchester City, de Pep Guardiola, medir\u00e1 for\u00e7as com o Bayern de Munique (campe\u00e3o em 2021). \u00a0Milan e Napoli far\u00e3o o primeiro cl\u00e1ssico italiano na hist\u00f3ria das quartas do torneio, e a Internazionale de Mil\u00e3o disputar\u00e1 com o Benfica uma vaga nas semifinais.<\/p>\n<p>Ao todo, 11 jogadores brasileiros entrar\u00e3o em campo nesta fase da competi\u00e7\u00e3o. A equipe do Real re\u00fane Vin\u00edcius J\u00fanioor, Roddrygo e \u00c9der Milit\u00e3o, que disputaram a Copa do Catar com a sele\u00e7\u00e3o brasileira. No elenco do Benfica est\u00e1 o maior n\u00famero de atletas brasileiros: David Neres, Gilberto, Morato e Lucas Ver\u00edssimo. O Brasil tamb\u00e9m estar\u00e1 representado com Thiago Silva (Chelsea), Juan Jesus (Napoli), Junior Messias\u00a0 (Milan) e Ederson (Manchester City).<\/p>\n<h2>Chaveamento<\/h2>\n<p>Nas semifinais, o vencedor de Milan x Napoli disputar\u00e1 com quem triunfar no duelo Benfica x\u00a0Inter de Mil\u00e3o. Na sequ\u00eancia, quem avan\u00e7ar no duelo\u00a0City x\u00a0Bayern pegar\u00e1 o vencedor de Real x Chelsea.<\/p>\n<h2>Calend\u00e1rio de jogos<\/h2>\n<p><strong>Quartas de final<\/strong><\/p>\n<p>ida \u2013 11 e 12 de abril<\/p>\n<p>volta \u2013 18 e 19 de abril<\/p>\n<p><strong>Semifinais<\/strong><\/p>\n<p>Ida \u2013 9 e 10 de maio<\/p>\n<p>Volta \u2013 16 e 17 de maio<\/p>\n<p><strong>Final<\/strong><\/p>\n<p>10 de junho (s\u00e1bado) &#8211; Est\u00e1dio Ol\u00edmpico Atat\u00fcrk &#8211; em Istambul.<\/p>\n<p><span style=\"font-weight: 400;\">Fonte: Ag\u00eancia Brasil <\/span><\/p>\n","protected":false},"excerpt":{"rendered":"<p>A Uni\u00e3o das Federa\u00e7\u00f5es Europeias de Futebol (Uefa) definiu por sorteio nesta sexta-feira (17), os confrontos das quartas de final da Liga dos Campe\u00f5es, e o chaveamento dos times at\u00e9 a grande final, em 10 de junho, em Istambul (Turquia). \u00a0 O atual campe\u00e3o Real Madrid, comandado pelo t\u00e9cnico Carlo Ancelotti, enfrentar\u00e1 o Chelsea (vencedor [&hellip;]<\/p>\n","protected":false},"author":246,"featured_media":211565,"comment_status":"closed","ping_status":"closed","sticky":false,"template":"","format":"standard","meta":{"footnotes":""},"categories":[436,440,257,439],"tags":[],"class_list":["post-211564","post","type-post","status-publish","format-standard","has-post-thumbnail","hentry","category-destaque-da-semana","category-destaques-do-dia","category-esporte","category-ultima-hora"],"_links":{"self":[{"href":"https:\/\/diarioregionaldigital.com.br\/index.php?rest_route=\/wp\/v2\/posts\/211564","targetHints":{"allow":["GET"]}}],"collection":[{"href":"https:\/\/diarioregionaldigital.com.br\/index.php?rest_route=\/wp\/v2\/posts"}],"about":[{"href":"https:\/\/diarioregionaldigital.com.br\/index.php?rest_route=\/wp\/v2\/types\/post"}],"author":[{"embeddable":true,"href":"https:\/\/diarioregionaldigital.com.br\/index.php?rest_route=\/wp\/v2\/users\/246"}],"replies":[{"embeddable":true,"href":"https:\/\/diarioregionaldigital.com.br\/index.php?rest_route=%2Fwp%2Fv2%2Fcomments&post=211564"}],"version-history":[{"count":1,"href":"https:\/\/diarioregionaldigital.com.br\/index.php?rest_route=\/wp\/v2\/posts\/211564\/revisions"}],"predecessor-version":[{"id":211566,"href":"https:\/\/diarioregionaldigital.com.br\/index.php?rest_route=\/wp\/v2\/posts\/211564\/revisions\/211566"}],"wp:featuredmedia":[{"embeddable":true,"href":"https:\/\/diarioregionaldigital.com.br\/index.php?rest_route=\/wp\/v2\/media\/211565"}],"wp:attachment":[{"href":"https:\/\/diarioregionaldigital.com.br\/index.php?rest_route=%2Fwp%2Fv2%2Fmedia&parent=211564"}],"wp:term":[{"taxonomy":"category","embeddable":true,"href":"https:\/\/diarioregionaldigital.com.br\/index.php?rest_route=%2Fwp%2Fv2%2Fcategories&post=211564"},{"taxonomy":"post_tag","embeddable":true,"href":"https:\/\/diarioregionaldigital.com.br\/index.php?rest_route=%2Fwp%2Fv2%2Ftags&post=211564"}],"curies":[{"name":"wp","href":"https:\/\/api.w.org\/{rel}","templated":true}]}}