{"id":211561,"date":"2023-03-17T17:35:28","date_gmt":"2023-03-17T20:35:28","guid":{"rendered":"https:\/\/diarioregionaldigital.com.br\/?p=211561"},"modified":"2023-03-17T17:35:28","modified_gmt":"2023-03-17T20:35:28","slug":"ministro-do-stf-suspende-parte-da-lei-das-estatais","status":"publish","type":"post","link":"https:\/\/diarioregionaldigital.com.br\/?p=211561","title":{"rendered":"Ministro do STF suspende parte da Lei das Estatais"},"content":{"rendered":"<p>O ministro do Supremo Tribunal Federal (STF) Ricardo Lewandowski decidiu nesta quinta-feira (16) suspender parte da Lei das Estatais, norma aprovada em 2016 para proibir indica\u00e7\u00f5es de pessoas ligadas diretamente a governos e com liga\u00e7\u00e3o direta com\u00a0partidos pol\u00edticos para a diretoria de empresas p\u00fablicas.<img decoding=\"async\" src=\"https:\/\/agenciabrasil.ebc.com.br\/ebc.png?id=1516941&amp;o=node\" \/><img decoding=\"async\" src=\"https:\/\/agenciabrasil.ebc.com.br\/ebc.gif?id=1516941&amp;o=node\" \/><\/p>\n<p>Na decis\u00e3o, o ministro suspendeu o trecho da norma que impedia ministros de Estado e\u00a0secret\u00e1rios estaduais e municipais de atuarem nas diretorias e nos conselhos de administra\u00e7\u00e3o de estatais.<\/p>\n<p>Lewandowski afirmou ainda na decis\u00e3o que continua proibida a indica\u00e7\u00e3o de pessoas que ainda participam da estrutura decis\u00f3ria de partidos ou que possuem trabalho vinculado \u00e0s legendas e \u00e0 campanhas pol\u00edticas.<\/p>\n<p>A constitucionalidade da lei estava sendo julgada nesta semana no plen\u00e1rio virtual da Corte, mas Lewandowski atendeu ao pedido liminar feito pelo PCdoB, autor da a\u00e7\u00e3o, ap\u00f3s pedido de vista feito pelo ministro Andr\u00e9 Mendon\u00e7a para suspender o julgamento.<\/p>\n<p>Na decis\u00e3o, o ministro disse que a lei restringiu as indica\u00e7\u00f5es para as estatais.<\/p>\n<p>\u201cN\u00e3o obstante os bem-intencionados prop\u00f3sitos do legislador nesse aspecto, a Lei das Estatais, ao que tudo indica, foi muito al\u00e9m das limita\u00e7\u00f5es j\u00e1 positivadas no ordenamento jur\u00eddico, criando hip\u00f3teses de veda\u00e7\u00e3o \u00e0 escolha de administradores, que funcionam como impedimento absoluto \u00e0 nomea\u00e7\u00e3o\u201d, escreveu.<\/p>\n<p>A liminar est\u00e1 valendo, mas ser\u00e1 levada para julgamento definitivo no plen\u00e1rio virtual da Corte. A data ainda n\u00e3o foi marcada.<\/p>\n<p><span style=\"font-weight: 400;\"><br \/>\n<\/span><span style=\"font-weight: 400;\">Fonte: Ag\u00eancia Brasil <\/span><\/p>\n","protected":false},"excerpt":{"rendered":"<p>O ministro do Supremo Tribunal Federal (STF) Ricardo Lewandowski decidiu nesta quinta-feira (16) suspender parte da Lei das Estatais, norma aprovada em 2016 para proibir indica\u00e7\u00f5es de pessoas ligadas diretamente a governos e com liga\u00e7\u00e3o direta com\u00a0partidos pol\u00edticos para a diretoria de empresas p\u00fablicas. Na decis\u00e3o, o ministro suspendeu o trecho da norma que impedia [&hellip;]<\/p>\n","protected":false},"author":246,"featured_media":211562,"comment_status":"closed","ping_status":"closed","sticky":false,"template":"","format":"standard","meta":{"footnotes":""},"categories":[436,254,439],"tags":[],"class_list":["post-211561","post","type-post","status-publish","format-standard","has-post-thumbnail","hentry","category-destaque-da-semana","category-politica","category-ultima-hora"],"_links":{"self":[{"href":"https:\/\/diarioregionaldigital.com.br\/index.php?rest_route=\/wp\/v2\/posts\/211561","targetHints":{"allow":["GET"]}}],"collection":[{"href":"https:\/\/diarioregionaldigital.com.br\/index.php?rest_route=\/wp\/v2\/posts"}],"about":[{"href":"https:\/\/diarioregionaldigital.com.br\/index.php?rest_route=\/wp\/v2\/types\/post"}],"author":[{"embeddable":true,"href":"https:\/\/diarioregionaldigital.com.br\/index.php?rest_route=\/wp\/v2\/users\/246"}],"replies":[{"embeddable":true,"href":"https:\/\/diarioregionaldigital.com.br\/index.php?rest_route=%2Fwp%2Fv2%2Fcomments&post=211561"}],"version-history":[{"count":1,"href":"https:\/\/diarioregionaldigital.com.br\/index.php?rest_route=\/wp\/v2\/posts\/211561\/revisions"}],"predecessor-version":[{"id":211563,"href":"https:\/\/diarioregionaldigital.com.br\/index.php?rest_route=\/wp\/v2\/posts\/211561\/revisions\/211563"}],"wp:featuredmedia":[{"embeddable":true,"href":"https:\/\/diarioregionaldigital.com.br\/index.php?rest_route=\/wp\/v2\/media\/211562"}],"wp:attachment":[{"href":"https:\/\/diarioregionaldigital.com.br\/index.php?rest_route=%2Fwp%2Fv2%2Fmedia&parent=211561"}],"wp:term":[{"taxonomy":"category","embeddable":true,"href":"https:\/\/diarioregionaldigital.com.br\/index.php?rest_route=%2Fwp%2Fv2%2Fcategories&post=211561"},{"taxonomy":"post_tag","embeddable":true,"href":"https:\/\/diarioregionaldigital.com.br\/index.php?rest_route=%2Fwp%2Fv2%2Ftags&post=211561"}],"curies":[{"name":"wp","href":"https:\/\/api.w.org\/{rel}","templated":true}]}}