{"id":211555,"date":"2023-03-17T17:33:42","date_gmt":"2023-03-17T20:33:42","guid":{"rendered":"https:\/\/diarioregionaldigital.com.br\/?p=211555"},"modified":"2023-03-17T17:33:42","modified_gmt":"2023-03-17T20:33:42","slug":"cnj-investiga-magistrado-suspeito-de-ligacao-com-trafico-internacional","status":"publish","type":"post","link":"https:\/\/diarioregionaldigital.com.br\/?p=211555","title":{"rendered":"CNJ investiga magistrado suspeito de liga\u00e7\u00e3o com tr\u00e1fico internacional"},"content":{"rendered":"<p>O Conselho Nacional de Justi\u00e7a (CNJ) decidiu abrir, de of\u00edcio (sem provoca\u00e7\u00e3o externa), uma reclama\u00e7\u00e3o disciplinar contra o desembargador do Tribunal Regional Federal da 1\u00aa Regi\u00e3o (TRF1) suspeito de vender senten\u00e7as a traficantes internacionais de drogas.<img decoding=\"async\" src=\"https:\/\/agenciabrasil.ebc.com.br\/ebc.png?id=1517009&amp;o=node\" \/><img decoding=\"async\" src=\"https:\/\/agenciabrasil.ebc.com.br\/ebc.gif?id=1517009&amp;o=node\" \/><\/p>\n<p>O desembargador C\u00e2ndido Ribeiro e seu filho, o advogado Ravik Bello Ribeiro, s\u00e3o alvo das opera\u00e7\u00f5es Habeas Pater e Flight Level 2, deflagradas pela Pol\u00edcia Federal na \u00faltima ter\u00e7a-feira (14), com autoriza\u00e7\u00e3o do Superior Tribunal de Justi\u00e7a (STJ), onde os magistrados federais de segunda inst\u00e2ncia possuem foro privilegiado.<\/p>\n<p>A abertura da reclama\u00e7\u00e3o disciplinar, est\u00e1gio inicial de investiga\u00e7\u00e3o contra magistrados no CNJ, partiu do corregedor nacional de Justi\u00e7a, o ministro do STJ Lu\u00eds Felipe Salom\u00e3o.<\/p>\n<p>Na decis\u00e3o, divulgada hoje (17), ele destacou haver suspeita de envolvimento do magistrado em crimes de corrup\u00e7\u00e3o ativa, organiza\u00e7\u00e3o criminosa voltada para o tr\u00e1fico internacional de drogas, lavagem de dinheiro e delitos contra o sistema financeiro.<\/p>\n<p>Segundo informado pelo CNJ, Salom\u00e3o escreveu ser preciso apurar \u201cse as imputa\u00e7\u00f5es feitas ao desembargador C\u00e2ndido Ribeiro t\u00eam efetivo reflexo em sua atua\u00e7\u00e3o, a macular o previsto na Constitui\u00e7\u00e3o Federal, na Loman e no regramento tra\u00e7ado por este Conselho\u201d.<\/p>\n<p>Salom\u00e3o pediu ao STJ para compartilhar provas do inqu\u00e9rito policial em curso, no prazo de 15 dias.<\/p>\n<p>\u201cO TRF1 tamb\u00e9m foi oficiado para, no prazo de 48 horas a contar da publica\u00e7\u00e3o da decis\u00e3o, prestar informa\u00e7\u00f5es sobre os pedidos de provid\u00eancias e processos administrativos que envolvem o desembargador e que tenham como fundamento as situa\u00e7\u00f5es relacionadas \u00e0s opera\u00e7\u00f5es policiais\u201d, informou o CNJ.<\/p>\n<h2>Entenda<\/h2>\n<p>As investiga\u00e7\u00f5es\u00a0<a href=\"https:\/\/agenciabrasil.ebc.com.br\/geral\/noticia\/2021-04\/operacao-da-pf-apura-trafico-de-drogas-por-meio-de-jatos-executivos\" target=\"_blank\" rel=\"noopener\">come\u00e7aram em 2021, com a primeira fase da opera\u00e7\u00e3o Flight Level<\/a>, que foi montada ap\u00f3s um traficante internacional de drogas ter sido flagrado com 175 quilos (kg) de coca\u00edna em Lisboa. A droga havia sido transportada em um avi\u00e3o executivo que partira de Belo Horizonte.<\/p>\n<p>Na segunda fase da opera\u00e7\u00e3o, a PF disse haver ind\u00edcios segundo os quais os investigados fariam parte de uma \u201corganiza\u00e7\u00e3o criminosa maior, voltada ao tr\u00e1fico internacional de drogas, \u00e0 lavagem de dinheiro e \u00e0 pr\u00e1tica de crimes financeiros\u201d.<\/p>\n<p>Segundo a Receita Federal, que colabora com o caso,\u00a0<a href=\"https:\/\/agenciabrasil.ebc.com.br\/geral\/noticia\/2023-03\/pf-realiza-operacao-contra-trafico-internacional-de-drogas\" target=\"_blank\" rel=\"noopener\">parte dos investigados se passava por empres\u00e1rios<\/a>\u00a0do setor financeiro, tendo aberto empresas apenas para movimentar o dinheiro il\u00edcito. Ainda de acordo com o \u00f3rg\u00e3o, as empresas foram abertas em nome de laranjas, \u201cpessoas sem capacidade econ\u00f4mico-financeira\u201d.<\/p>\n<p>Um terceira opera\u00e7\u00e3o, a Habeas Pater,\u00a0<a href=\"https:\/\/agenciabrasil.ebc.com.br\/justica\/noticia\/2023-03\/pf-mira-desembargador-suspeito-de-vender-decisoes-traficantes\" target=\"_blank\" rel=\"noopener\">foi deflagrada somente para apurar<\/a>\u00a0a exist\u00eancia de um bra\u00e7o da organiza\u00e7\u00e3o criminosa no Judici\u00e1rio brasileiro.<\/p>\n<h2>Defesa<\/h2>\n<p>A\u00a0<strong>Ag\u00eancia Brasil<\/strong>\u00a0entrou em contato com o gabinete do desembargador, que disse n\u00e3o comentar o caso por ele correr em segredo de Justi\u00e7a. Consultado por meio da assessoria de imprensa, o TRF1 tamb\u00e9m n\u00e3o se manifestou. A reportagem segue tentando contato com o advogado Ravik Bello Ribeiro.<\/p>\n<p><span style=\"font-weight: 400;\"><br \/>\n<\/span><span style=\"font-weight: 400;\">Fonte: Ag\u00eancia Brasil <\/span><\/p>\n","protected":false},"excerpt":{"rendered":"<p>O Conselho Nacional de Justi\u00e7a (CNJ) decidiu abrir, de of\u00edcio (sem provoca\u00e7\u00e3o externa), uma reclama\u00e7\u00e3o disciplinar contra o desembargador do Tribunal Regional Federal da 1\u00aa Regi\u00e3o (TRF1) suspeito de vender senten\u00e7as a traficantes internacionais de drogas. O desembargador C\u00e2ndido Ribeiro e seu filho, o advogado Ravik Bello Ribeiro, s\u00e3o alvo das opera\u00e7\u00f5es Habeas Pater e [&hellip;]<\/p>\n","protected":false},"author":246,"featured_media":211557,"comment_status":"closed","ping_status":"closed","sticky":false,"template":"","format":"standard","meta":{"footnotes":""},"categories":[436,254,439],"tags":[],"class_list":["post-211555","post","type-post","status-publish","format-standard","has-post-thumbnail","hentry","category-destaque-da-semana","category-politica","category-ultima-hora"],"_links":{"self":[{"href":"https:\/\/diarioregionaldigital.com.br\/index.php?rest_route=\/wp\/v2\/posts\/211555","targetHints":{"allow":["GET"]}}],"collection":[{"href":"https:\/\/diarioregionaldigital.com.br\/index.php?rest_route=\/wp\/v2\/posts"}],"about":[{"href":"https:\/\/diarioregionaldigital.com.br\/index.php?rest_route=\/wp\/v2\/types\/post"}],"author":[{"embeddable":true,"href":"https:\/\/diarioregionaldigital.com.br\/index.php?rest_route=\/wp\/v2\/users\/246"}],"replies":[{"embeddable":true,"href":"https:\/\/diarioregionaldigital.com.br\/index.php?rest_route=%2Fwp%2Fv2%2Fcomments&post=211555"}],"version-history":[{"count":1,"href":"https:\/\/diarioregionaldigital.com.br\/index.php?rest_route=\/wp\/v2\/posts\/211555\/revisions"}],"predecessor-version":[{"id":211560,"href":"https:\/\/diarioregionaldigital.com.br\/index.php?rest_route=\/wp\/v2\/posts\/211555\/revisions\/211560"}],"wp:featuredmedia":[{"embeddable":true,"href":"https:\/\/diarioregionaldigital.com.br\/index.php?rest_route=\/wp\/v2\/media\/211557"}],"wp:attachment":[{"href":"https:\/\/diarioregionaldigital.com.br\/index.php?rest_route=%2Fwp%2Fv2%2Fmedia&parent=211555"}],"wp:term":[{"taxonomy":"category","embeddable":true,"href":"https:\/\/diarioregionaldigital.com.br\/index.php?rest_route=%2Fwp%2Fv2%2Fcategories&post=211555"},{"taxonomy":"post_tag","embeddable":true,"href":"https:\/\/diarioregionaldigital.com.br\/index.php?rest_route=%2Fwp%2Fv2%2Ftags&post=211555"}],"curies":[{"name":"wp","href":"https:\/\/api.w.org\/{rel}","templated":true}]}}