{"id":211552,"date":"2023-03-17T17:30:35","date_gmt":"2023-03-17T20:30:35","guid":{"rendered":"https:\/\/diarioregionaldigital.com.br\/?p=211552"},"modified":"2023-03-17T17:30:35","modified_gmt":"2023-03-17T20:30:35","slug":"brasil-fechara-pelo-menos-20-acordos-em-viagem-de-lula-a-china","status":"publish","type":"post","link":"https:\/\/diarioregionaldigital.com.br\/?p=211552","title":{"rendered":"Brasil fechar\u00e1 pelo menos 20 acordos em viagem de Lula \u00e0 China"},"content":{"rendered":"<p>O Minist\u00e9rio das Rela\u00e7\u00f5es Exteriores (MRE) informou, nesta sexta-feira (17), que pelo menos 20 acordos comerciais ser\u00e3o assinados durante a visita do presidente Luiz In\u00e1cio Lula da Silva \u00e0 China no final deste m\u00eas. Ser\u00e1 a primeira viagem de Lula a um pa\u00eds asi\u00e1tico ap\u00f3s assumir seu terceiro mandato.<img decoding=\"async\" src=\"https:\/\/agenciabrasil.ebc.com.br\/ebc.png?id=1517129&amp;o=node\" \/><img decoding=\"async\" src=\"https:\/\/agenciabrasil.ebc.com.br\/ebc.gif?id=1517129&amp;o=node\" \/><\/p>\n<p>Segundo o Itamaraty, a viagem de Lula e da comitiva brasileira, formada por ministros e parlamentares, ser\u00e1 realizada entre os dias 26 e 31 deste m\u00eas. Lula visitar\u00e1 Pequim e Xangai, e se reunir\u00e1 com o presidente chin\u00eas Xi Jinping. A agenda do presidente ainda est\u00e1 sendo fechada pelo Pal\u00e1cio do Planalto.<\/p>\n<p>De acordo com o secret\u00e1rio de \u00c1sia e Pac\u00edfico do Itamaraty, embaixador Eduardo Paes Saboia, o n\u00famero de acordos bilaterais ainda pode aumentar. Entre os acordos, est\u00e1 a utiliza\u00e7\u00e3o de um sat\u00e9lite capaz de monitorar as florestas mesmo com grande presen\u00e7a de nuvens.<\/p>\n<p>\u201cMuitos acordos est\u00e3o sendo negociados, temos 20 fechados, mas esse n\u00famero pode aumentar ao longo dos pr\u00f3ximos dias. N\u00f3s temos protocolos sanit\u00e1rios, uma s\u00e9rie de produtos agr\u00edcolas, acordos na \u00e1rea de educa\u00e7\u00e3o, cultura, finan\u00e7as, ind\u00fastria, ci\u00eancia e tecnologia\u201d, informou.<\/p>\n<p>O Itamaraty confirmou que a delega\u00e7\u00e3o brasileira tamb\u00e9m vai participar um semin\u00e1rio com a presen\u00e7a de aproximadamente 200 empres\u00e1rios brasileiros de v\u00e1rios setores. Somente do setor do agroneg\u00f3cio, 90 empres\u00e1rios est\u00e3o confirmados.<\/p>\n<p>A viagem \u00e0 China \u00e9 a terceira internacional de Lula ap\u00f3s a posse no cargo. O presidente j\u00e1 foi \u00e0\u00a0<a href=\"https:\/\/agenciabrasil.ebc.com.br\/internacional\/noticia\/2023-01\/na-argentina-lula-se-encontra-com-chefes-de-governo\" target=\"_blank\" rel=\"noopener\">Argentina<\/a>\u00a0e aos\u00a0<a href=\"https:\/\/agenciabrasil.ebc.com.br\/internacional\/noticia\/2023-02\/nos-estados-unidos-lula-reitera-defesa-da-democracia-no-mundo\" target=\"_blank\" rel=\"noopener\">Estados Unidos<\/a>.<\/p>\n<p><span style=\"font-weight: 400;\"><br \/>\n<\/span><span style=\"font-weight: 400;\">Fonte: Ag\u00eancia Brasil\u00a0<\/span><span style=\"font-weight: 400;\"><br \/>\n<\/span><\/p>\n","protected":false},"excerpt":{"rendered":"<p>O Minist\u00e9rio das Rela\u00e7\u00f5es Exteriores (MRE) informou, nesta sexta-feira (17), que pelo menos 20 acordos comerciais ser\u00e3o assinados durante a visita do presidente Luiz In\u00e1cio Lula da Silva \u00e0 China no final deste m\u00eas. Ser\u00e1 a primeira viagem de Lula a um pa\u00eds asi\u00e1tico ap\u00f3s assumir seu terceiro mandato. Segundo o Itamaraty, a viagem de [&hellip;]<\/p>\n","protected":false},"author":246,"featured_media":211553,"comment_status":"closed","ping_status":"closed","sticky":false,"template":"","format":"standard","meta":{"footnotes":""},"categories":[436,254,439],"tags":[],"class_list":["post-211552","post","type-post","status-publish","format-standard","has-post-thumbnail","hentry","category-destaque-da-semana","category-politica","category-ultima-hora"],"_links":{"self":[{"href":"https:\/\/diarioregionaldigital.com.br\/index.php?rest_route=\/wp\/v2\/posts\/211552","targetHints":{"allow":["GET"]}}],"collection":[{"href":"https:\/\/diarioregionaldigital.com.br\/index.php?rest_route=\/wp\/v2\/posts"}],"about":[{"href":"https:\/\/diarioregionaldigital.com.br\/index.php?rest_route=\/wp\/v2\/types\/post"}],"author":[{"embeddable":true,"href":"https:\/\/diarioregionaldigital.com.br\/index.php?rest_route=\/wp\/v2\/users\/246"}],"replies":[{"embeddable":true,"href":"https:\/\/diarioregionaldigital.com.br\/index.php?rest_route=%2Fwp%2Fv2%2Fcomments&post=211552"}],"version-history":[{"count":2,"href":"https:\/\/diarioregionaldigital.com.br\/index.php?rest_route=\/wp\/v2\/posts\/211552\/revisions"}],"predecessor-version":[{"id":211556,"href":"https:\/\/diarioregionaldigital.com.br\/index.php?rest_route=\/wp\/v2\/posts\/211552\/revisions\/211556"}],"wp:featuredmedia":[{"embeddable":true,"href":"https:\/\/diarioregionaldigital.com.br\/index.php?rest_route=\/wp\/v2\/media\/211553"}],"wp:attachment":[{"href":"https:\/\/diarioregionaldigital.com.br\/index.php?rest_route=%2Fwp%2Fv2%2Fmedia&parent=211552"}],"wp:term":[{"taxonomy":"category","embeddable":true,"href":"https:\/\/diarioregionaldigital.com.br\/index.php?rest_route=%2Fwp%2Fv2%2Fcategories&post=211552"},{"taxonomy":"post_tag","embeddable":true,"href":"https:\/\/diarioregionaldigital.com.br\/index.php?rest_route=%2Fwp%2Fv2%2Ftags&post=211552"}],"curies":[{"name":"wp","href":"https:\/\/api.w.org\/{rel}","templated":true}]}}