{"id":211546,"date":"2023-03-17T17:22:40","date_gmt":"2023-03-17T20:22:40","guid":{"rendered":"https:\/\/diarioregionaldigital.com.br\/?p=211546"},"modified":"2023-03-17T17:22:40","modified_gmt":"2023-03-17T20:22:40","slug":"desemprego-chega-a-84-entre-novembro-e-janeiro-e-se-mantem-estavel","status":"publish","type":"post","link":"https:\/\/diarioregionaldigital.com.br\/?p=211546","title":{"rendered":"Desemprego chega a 8,4% entre novembro e janeiro e se mant\u00e9m est\u00e1vel"},"content":{"rendered":"<p>A taxa de desocupa\u00e7\u00e3o, que mede o desemprego no Brasil, alcan\u00e7ou 8,4% no trimestre terminado em janeiro. O percentual significa estabilidade se comparado ao per\u00edodo anterior, entre agosto, setembro e outubro de 2022, que\u00a0atingiu 8,3%.<img decoding=\"async\" src=\"https:\/\/agenciabrasil.ebc.com.br\/ebc.png?id=1517007&amp;o=node\" \/><img decoding=\"async\" src=\"https:\/\/agenciabrasil.ebc.com.br\/ebc.gif?id=1517007&amp;o=node\" \/><\/p>\n<p>Desde 2015, \u00e9 a menor taxa para o trimestre\u00a0de novembro\u00a0a janeiro. Em rela\u00e7\u00e3o ao mesmo per\u00edodo\u00a0do ano anterior, houve recuo de 2,9 pontos percentuais. O rendimento real habitual subiu 1,6% no per\u00edodo.<\/p>\n<p>O contingente de desempregados no trimestre de novembro a janeiro somou 9\u00a0milh\u00f5es de pessoas, valor que repete os n\u00fameros do per\u00edodo\u00a0terminado em outubro. No entanto, na compara\u00e7\u00e3o anual, apresentou menos 3 milh\u00f5es de pessoas, quando havia 12 milh\u00f5es de nessa condi\u00e7\u00e3o. Os dados s\u00e3o da Pesquisa Nacional por Amostra de Domic\u00edlios (Pnad) Cont\u00ednua, divulgada nesta\u00a0sexta-feira (17) pelo Instituto Brasileiro de Geografia e Estat\u00edstica (IBGE).<\/p>\n<p>Para a coordenadora da Pnad Cont\u00ednua, Adriana Beringuy, a taxa est\u00e1vel ainda reflete menos procura pelo trabalho. \u201cEssa estabilidade seria uma repercuss\u00e3o da redu\u00e7\u00e3o da procura por trabalho nos meses\u00a0de novembro\u00a0e dezembro de 2022 sobre o in\u00edcio de 2023\u201d, informou em texto publicado no\u00a0<a href=\"https:\/\/www.ibge.gov.br\/\"><em>site<\/em>\u00a0do IBGE<\/a>.<\/p>\n<h2>Ocupa\u00e7\u00e3o<\/h2>\n<p>O IBGE estimou em 56,7%\u00a0o n\u00edvel de ocupa\u00e7\u00e3o\u00a0referente ao percentual de pessoas ocupadas na popula\u00e7\u00e3o em idade de trabalhar. O \u00edndice\u00a0\u00e9 semelhante ao registrado no mesmo trimestre de 2016. A quantidade de pessoas ocupadas ficou em 98,6 milh\u00f5es. O n\u00famero significa queda de 1 milh\u00e3o de pessoas em rela\u00e7\u00e3o ao trimestre terminado em outubro. &#8220;A taxa s\u00f3 n\u00e3o expandiu agora\u00a0porque a press\u00e3o sobre o mercado de trabalho\u00a0foi de\u00a0estabilidade. No que dependesse da ocupa\u00e7\u00e3o, o movimento seria de aumento nesse indicador&#8221;, informou em coletiva virtual para analisar os resultados.<\/p>\n<p>A coordenadora disse ainda\u00a0que a queda no trimestre, verificada na ocupa\u00e7\u00e3o, ocorreu depois de uma sequ\u00eancia de expans\u00e3o do n\u00famero de trabalhadores nos trimestres m\u00f3veis de 2022. \u201cNo confronto anual, o contingente de ocupados segue crescendo, com alta de 3,4%. Ent\u00e3o, se pelo lado da desocupa\u00e7\u00e3o\u00a0h\u00e1 uma estabilidade, pelo lado da gera\u00e7\u00e3o de trabalho o movimento j\u00e1 \u00e9 de perda de ocupa\u00e7\u00e3o. Observamos, assim, dois panoramas: em uma an\u00e1lise de mais curto prazo \u00e9 observada uma queda na forma\u00e7\u00e3o de trabalho, enquanto no confronto com um ano atr\u00e1s o cen\u00e1rio ainda \u00e9 de ganho de ocupa\u00e7\u00e3o\u201d, completou.<\/p>\n<p>Para Adriana Beringuy, esses resultados explicam o cen\u00e1rio visto no fim\u00a0do trimestre m\u00f3vel\u00a0de novembro\u00a0a janeiro. \u201cEsse efeito conjugado entre a estabilidade da popula\u00e7\u00e3o desocupada e a retra\u00e7\u00e3o do n\u00famero de trabalhadores\u00a0deixou a taxa de desocupa\u00e7\u00e3o est\u00e1vel\u201d, observou.<\/p>\n<p>A coordenadora da Pnad Cont\u00ednua acrescentou que alguns setores influenciaram os resultados do trimestre, entre eles o de agricultura e pecu\u00e1ria. \u201c\u00c9 poss\u00edvel perceber, de maneira mais acentuada, a perda de ocupa\u00e7\u00e3o das atividades de agricultura, pecu\u00e1ria, produ\u00e7\u00e3o florestal, pesca e aquicultura, com retra\u00e7\u00e3o de 272 mil pessoas, e de administra\u00e7\u00e3o p\u00fablica, educa\u00e7\u00e3o e sa\u00fade, com perda de 342 mil\u201d, afirmou, destacando que houve varia\u00e7\u00f5es negativas tamb\u00e9m em outras atividades. \u201cEmbora n\u00e3o estatisticamente significativas, apontam para uma perda de n\u00famero de trabalhadores no in\u00edcio do ano, na virada do quarto\u00a0trimestre de 2022 para o in\u00edcio de 2023\u201d.<\/p>\n<h2>Rendimento<\/h2>\n<p>A Pnad\u00a0do trimestre m\u00f3vel terminado em janeiro de 2023 mostrou tamb\u00e9m que o rendimento real habitual avan\u00e7ou 1,6% no per\u00edodo, chegando a R$ 2.835, ou 7,7% na compara\u00e7\u00e3o anual. \u201cH\u00e1 alguns trimestres observamos crescimento importante no rendimento dos trabalhadores, com o per\u00edodo encerrado em janeiro sendo a terceira observa\u00e7\u00e3o\u201d.<\/p>\n<p>Entre os setores que ajudaram no crescimento no trimestre e na compara\u00e7\u00e3o com o mesmo per\u00edodo do ano anterior est\u00e1 o de alojamento e alimenta\u00e7\u00e3o. \u201cEm termos de atividades no confronto com o trimestre anterior, destacamos alojamento e alimenta\u00e7\u00e3o, que teve \u00a0aumento de 7%, e administra\u00e7\u00e3o p\u00fablica, sa\u00fade e educa\u00e7\u00e3o, com aumento de 3,1%. Destaque tamb\u00e9m para os servi\u00e7os\u00a0dom\u00e9sticos, que expandiram o rendimento real em 2,2%. J\u00e1 no confronto anual, todas as atividades tiveram ganho estatisticamente significativo dos seus rendimentos\u201d, relatou.<\/p>\n<h2>Desalentados<\/h2>\n<p>O contingente de pessoas desalentadas &#8211; as que participam da for\u00e7a de trabalho potencial e gostariam de trabalhar, mas n\u00e3o buscaram trabalho por achar\u00a0que n\u00e3o conseguiriam &#8211;\u00a0atingiu aproximadamente 4 milh\u00f5es no trimestre terminado em janeiro. O contingente \u00e9 equivalente a um recuo de 5,3%, ou 220 mil pessoas, em rela\u00e7\u00e3o ao trimestre encerrado\u00a0em outubro de 2022.<\/p>\n<p>O indicador apresentou tamb\u00e9m varia\u00e7\u00e3o negativa (-16,7%) em rela\u00e7\u00e3o ao mesmo per\u00edodo\u00a0do ano anterior. Naquele trimestre eram 4,8 milh\u00f5es de pessoas desalentadas.<\/p>\n<h2>Pnad\u00a0Cont\u00ednua<\/h2>\n<p>Segundo o IBGE, a pesquisa \u00e9 o principal instrumento para monitoramento da for\u00e7a de trabalho no pa\u00eds. Na amostra por trimestre no Brasil, 211 mil domic\u00edlios s\u00e3o pesquisados. Ao todo, o trabalho envolve cerca de 2\u00a0mil entrevistadores\u00a0em 26 estados e no Distrito Federal, integrados \u00e0 rede de coleta de mais de 500 ag\u00eancias do instituto.<\/p>\n<p>Por causa da pandemia de covid-19, o IBGE adotou a coleta de informa\u00e7\u00f5es da pesquisa por meio de telefone a partir de\u00a017 de mar\u00e7o de 2020. A coleta presencial voltou em julho de 2021. \u201c\u00c9 poss\u00edvel confirmar a identidade do entrevistador no\u00a0<em>site<\/em>\u00a0<a href=\"https:\/\/respondendo.ibge.gov.br\/\" target=\"_blank\" rel=\"noopener\">Respondendo ao IBGE<\/a>\u00a0ou por meio da\u00a0Central de atendimento\u00a0(0800 721 8181), conferindo a matr\u00edcula, o RG ou CPF do entrevistador, dados que podem ser solicitados pelo informante\u201d, informou a institui\u00e7\u00e3o.<\/p>\n<p><span style=\"font-weight: 400;\">Fonte: Ag\u00eancia Brasil <\/span><\/p>\n","protected":false},"excerpt":{"rendered":"<p>A taxa de desocupa\u00e7\u00e3o, que mede o desemprego no Brasil, alcan\u00e7ou 8,4% no trimestre terminado em janeiro. O percentual significa estabilidade se comparado ao per\u00edodo anterior, entre agosto, setembro e outubro de 2022, que\u00a0atingiu 8,3%. Desde 2015, \u00e9 a menor taxa para o trimestre\u00a0de novembro\u00a0a janeiro. Em rela\u00e7\u00e3o ao mesmo per\u00edodo\u00a0do ano anterior, houve recuo [&hellip;]<\/p>\n","protected":false},"author":246,"featured_media":211547,"comment_status":"closed","ping_status":"closed","sticky":false,"template":"","format":"standard","meta":{"footnotes":""},"categories":[436,261,439],"tags":[],"class_list":["post-211546","post","type-post","status-publish","format-standard","has-post-thumbnail","hentry","category-destaque-da-semana","category-economia","category-ultima-hora"],"_links":{"self":[{"href":"https:\/\/diarioregionaldigital.com.br\/index.php?rest_route=\/wp\/v2\/posts\/211546","targetHints":{"allow":["GET"]}}],"collection":[{"href":"https:\/\/diarioregionaldigital.com.br\/index.php?rest_route=\/wp\/v2\/posts"}],"about":[{"href":"https:\/\/diarioregionaldigital.com.br\/index.php?rest_route=\/wp\/v2\/types\/post"}],"author":[{"embeddable":true,"href":"https:\/\/diarioregionaldigital.com.br\/index.php?rest_route=\/wp\/v2\/users\/246"}],"replies":[{"embeddable":true,"href":"https:\/\/diarioregionaldigital.com.br\/index.php?rest_route=%2Fwp%2Fv2%2Fcomments&post=211546"}],"version-history":[{"count":1,"href":"https:\/\/diarioregionaldigital.com.br\/index.php?rest_route=\/wp\/v2\/posts\/211546\/revisions"}],"predecessor-version":[{"id":211548,"href":"https:\/\/diarioregionaldigital.com.br\/index.php?rest_route=\/wp\/v2\/posts\/211546\/revisions\/211548"}],"wp:featuredmedia":[{"embeddable":true,"href":"https:\/\/diarioregionaldigital.com.br\/index.php?rest_route=\/wp\/v2\/media\/211547"}],"wp:attachment":[{"href":"https:\/\/diarioregionaldigital.com.br\/index.php?rest_route=%2Fwp%2Fv2%2Fmedia&parent=211546"}],"wp:term":[{"taxonomy":"category","embeddable":true,"href":"https:\/\/diarioregionaldigital.com.br\/index.php?rest_route=%2Fwp%2Fv2%2Fcategories&post=211546"},{"taxonomy":"post_tag","embeddable":true,"href":"https:\/\/diarioregionaldigital.com.br\/index.php?rest_route=%2Fwp%2Fv2%2Ftags&post=211546"}],"curies":[{"name":"wp","href":"https:\/\/api.w.org\/{rel}","templated":true}]}}