{"id":211542,"date":"2023-03-17T17:21:22","date_gmt":"2023-03-17T20:21:22","guid":{"rendered":"https:\/\/diarioregionaldigital.com.br\/?p=211542"},"modified":"2023-03-17T17:21:22","modified_gmt":"2023-03-17T20:21:22","slug":"fazenda-reduz-previsao-oficial-de-crescimento-do-pib-para-161","status":"publish","type":"post","link":"https:\/\/diarioregionaldigital.com.br\/?p=211542","title":{"rendered":"Fazenda reduz previs\u00e3o oficial de crescimento do PIB para 1,61%"},"content":{"rendered":"<p>A Secretaria de Pol\u00edtica Econ\u00f4mica (SPE) do Minist\u00e9rio da Fazenda reduziu de 2,1% para 1,61% a proje\u00e7\u00e3o de crescimento do Produto Interno Bruto (PIB, soma dos bens e servi\u00e7os produzidos no pa\u00eds). A estimativa para a infla\u00e7\u00e3o aumentou. As previs\u00f5es est\u00e3o no Boletim Macrofiscal divulgado nesta sexta-feira (17).<\/p>\n<p>Segundo o Minist\u00e9rio da Fazenda, a proje\u00e7\u00e3o anterior, divulgada em novembro do ano passado, minimizava os efeitos dos juros altos sobre a economia e sobre o mercado de cr\u00e9dito. \u201cEsses efeitos [desacelera\u00e7\u00e3o econ\u00f4mica] j\u00e1 foram parcialmente verificados durante o \u00faltimo trimestre de 2022, quando a economia teve retra\u00e7\u00e3o de 0,2% na margem, e as concess\u00f5es de cr\u00e9dito passaram a desacelerar de maneira mais acentuada\u201d, destacou o relat\u00f3rio.<\/p>\n<p>Segundo a SPE, tanto o setor de servi\u00e7os quanto a ind\u00fastria dever\u00e3o ser afetados pela queda da demanda provocada pela alta nos juros e pela contra\u00e7\u00e3o do cr\u00e9dito. \u201cA desacelera\u00e7\u00e3o da economia deve ocorrer tanto no setor de servi\u00e7os como no industrial. O elevado endividamento e o comprometimento de renda da popula\u00e7\u00e3o devem afetar o ritmo das atividades no setor de servi\u00e7os.\u201d<\/p>\n<p>De acordo com o Minist\u00e9rio da Fazenda, a desacelera\u00e7\u00e3o da ind\u00fastria e dos servi\u00e7os deve ocorrer, mesmo com as medidas de prote\u00e7\u00e3o social previstas, como eleva\u00e7\u00e3o real do sal\u00e1rio m\u00ednimo, aumento da faixa de isen\u00e7\u00e3o de Imposto de Renda, o novo Bolsa Fam\u00edlia e o Desenrola, programa de renegocia\u00e7\u00e3o de d\u00edvidas.<img decoding=\"async\" src=\"https:\/\/agenciabrasil.ebc.com.br\/ebc.png?id=1517098&amp;o=node\" \/><img decoding=\"async\" src=\"https:\/\/agenciabrasil.ebc.com.br\/ebc.gif?id=1517098&amp;o=node\" \/><\/p>\n<h2>Infla\u00e7\u00e3o<\/h2>\n<p>A proje\u00e7\u00e3o de infla\u00e7\u00e3o pelo \u00cdndice Nacional de Pre\u00e7os ao Consumidor Amplo (IPCA) aumentou de 4,6% para 5,31%. A estimativa est\u00e1 acima da meta de infla\u00e7\u00e3o para o ano, definida pelo Conselho Monet\u00e1rio Nacional (CMN) em 3,25%, com intervalo de toler\u00e2ncia de 1,5 ponto percentual para cima ou para baixo. Ou seja, o limite inferior \u00e9 1,75% e o superior, 4,75%.<\/p>\n<p>Segundo a SPE, a infla\u00e7\u00e3o dos alimentos e de bens industriais dever\u00e1 desacelerar nos pr\u00f3ximos meses. No entanto, os pre\u00e7os monitorados (administrados) devem subir mais que o inicialmente previsto, o que justificou a revis\u00e3o para cima da proje\u00e7\u00e3o para o IPCA.<\/p>\n<p>O \u00cdndice Nacional de Pre\u00e7os ao Consumidor (INPC), usado para estabelecer o valor do sal\u00e1rio m\u00ednimo e corrigir aposentadorias, dever\u00e1 encerrar este ano com varia\u00e7\u00e3o de 5,16%, conforme previs\u00e3o da SPE, contra 4,9% previstos no boletim anterior, divulgado em novembro do ano passado. Na proje\u00e7\u00e3o para o \u00cdndice Geral de Pre\u00e7os \u2013 Disponibilidade Interna (IGP-DI), que inclui o setor atacadista, o custo da constru\u00e7\u00e3o civil e o consumidor final, caiu de 4,55% para 3,85%.<\/p>\n<h2>Outros par\u00e2metros<\/h2>\n<p>O relat\u00f3rio tamb\u00e9m atualizou as previs\u00f5es para as contas p\u00fablicas. A proje\u00e7\u00e3o de d\u00e9ficit prim\u00e1rio (resultado negativo nas contas do governo sem os juros da d\u00edvida p\u00fablica) caiu de R$ 125,99 bilh\u00f5es, valor previsto no in\u00edcio do ano, para R$ 99,01 bilh\u00f5es.<\/p>\n<p>O valor incorpora o pacote de medidas fiscais\u00a0<a href=\"https:\/\/agenciabrasil.ebc.com.br\/economia\/noticia\/2023-01\/haddad-anuncia-pacote-de-r-2427-bi-para-melhorar-contas-publicas\" target=\"_blank\" rel=\"noopener\">anunciadas em janeiro<\/a>. Na ocasi\u00e3o, o ministro da Fazenda, Fernando Haddad, anunciou que esperava uma queda do d\u00e9ficit para cerca de R$ 100 bilh\u00f5es neste ano.<\/p>\n<p>Quanto \u00e0 D\u00edvida Bruta do Governo Geral (DBGG), principal par\u00e2metro usado para comparar o endividamento dos pa\u00edses, a previs\u00e3o caiu de 79,1% para 77,6% do PIB.<\/p>\n<h2>M\u00e9dio prazo<\/h2>\n<p>Apesar de reconhecer a desacelera\u00e7\u00e3o da economia em 2023, a SPE espera recupera\u00e7\u00e3o do crescimento em 2024, caso seja aprovada a nova \u00e2ncora fiscal que vai substituir o teto de gastos, e a reforma tribut\u00e1ria, o que permitiria a queda estrutural dos juros e estimularia o investimento e o consumo. A secretaria tamb\u00e9m prev\u00ea que a economia pode crescer mais nos pr\u00f3ximos anos com a transi\u00e7\u00e3o para um modelo de desenvolvimento baseado nas preocupa\u00e7\u00f5es ambientais.<\/p>\n<p>\u201cO foco da expans\u00e3o dever\u00e1 ser a transi\u00e7\u00e3o para uma economia sustent\u00e1vel de baixas emiss\u00f5es, com grande potencial a ser explorado nos pr\u00f3ximos anos. Considerando esses fatores, a proje\u00e7\u00e3o \u00e9 de acelera\u00e7\u00e3o do crescimento em 2024, para 2,3%. Nos anos seguintes, a atividade deve crescer entre 2,40% e 2,80% ao ano\u201d, destacou o relat\u00f3rio.<\/p>\n<p><span style=\"font-weight: 400;\">Fonte: Ag\u00eancia Brasil\u00a0<\/span><span style=\"font-weight: 400;\"><br \/>\n<\/span><\/p>\n","protected":false},"excerpt":{"rendered":"<p>A Secretaria de Pol\u00edtica Econ\u00f4mica (SPE) do Minist\u00e9rio da Fazenda reduziu de 2,1% para 1,61% a proje\u00e7\u00e3o de crescimento do Produto Interno Bruto (PIB, soma dos bens e servi\u00e7os produzidos no pa\u00eds). A estimativa para a infla\u00e7\u00e3o aumentou. As previs\u00f5es est\u00e3o no Boletim Macrofiscal divulgado nesta sexta-feira (17). Segundo o Minist\u00e9rio da Fazenda, a proje\u00e7\u00e3o [&hellip;]<\/p>\n","protected":false},"author":246,"featured_media":211543,"comment_status":"closed","ping_status":"closed","sticky":false,"template":"","format":"standard","meta":{"footnotes":""},"categories":[436,261,439],"tags":[],"class_list":["post-211542","post","type-post","status-publish","format-standard","has-post-thumbnail","hentry","category-destaque-da-semana","category-economia","category-ultima-hora"],"_links":{"self":[{"href":"https:\/\/diarioregionaldigital.com.br\/index.php?rest_route=\/wp\/v2\/posts\/211542","targetHints":{"allow":["GET"]}}],"collection":[{"href":"https:\/\/diarioregionaldigital.com.br\/index.php?rest_route=\/wp\/v2\/posts"}],"about":[{"href":"https:\/\/diarioregionaldigital.com.br\/index.php?rest_route=\/wp\/v2\/types\/post"}],"author":[{"embeddable":true,"href":"https:\/\/diarioregionaldigital.com.br\/index.php?rest_route=\/wp\/v2\/users\/246"}],"replies":[{"embeddable":true,"href":"https:\/\/diarioregionaldigital.com.br\/index.php?rest_route=%2Fwp%2Fv2%2Fcomments&post=211542"}],"version-history":[{"count":2,"href":"https:\/\/diarioregionaldigital.com.br\/index.php?rest_route=\/wp\/v2\/posts\/211542\/revisions"}],"predecessor-version":[{"id":211545,"href":"https:\/\/diarioregionaldigital.com.br\/index.php?rest_route=\/wp\/v2\/posts\/211542\/revisions\/211545"}],"wp:featuredmedia":[{"embeddable":true,"href":"https:\/\/diarioregionaldigital.com.br\/index.php?rest_route=\/wp\/v2\/media\/211543"}],"wp:attachment":[{"href":"https:\/\/diarioregionaldigital.com.br\/index.php?rest_route=%2Fwp%2Fv2%2Fmedia&parent=211542"}],"wp:term":[{"taxonomy":"category","embeddable":true,"href":"https:\/\/diarioregionaldigital.com.br\/index.php?rest_route=%2Fwp%2Fv2%2Fcategories&post=211542"},{"taxonomy":"post_tag","embeddable":true,"href":"https:\/\/diarioregionaldigital.com.br\/index.php?rest_route=%2Fwp%2Fv2%2Ftags&post=211542"}],"curies":[{"name":"wp","href":"https:\/\/api.w.org\/{rel}","templated":true}]}}