{"id":211531,"date":"2023-03-17T02:03:36","date_gmt":"2023-03-17T05:03:36","guid":{"rendered":"https:\/\/diarioregionaldigital.com.br\/?p=211531"},"modified":"2023-03-17T02:03:36","modified_gmt":"2023-03-17T05:03:36","slug":"os-dilemas-insoluveis-da-teoria-da-escolha-racional","status":"publish","type":"post","link":"https:\/\/diarioregionaldigital.com.br\/?p=211531","title":{"rendered":"Os dilemas insol\u00faveis da Teoria da Escolha Racional"},"content":{"rendered":"<p>A Teoria da Escolha Racional, forte entre economistas e relevante entre cientistas sociais, afirma que o ser humano opera no mundo de maneira predominantemente racional e auto referenciada, fazendo escolhas que procuram otimizar meios e fins, sempre pretendendo maximizar ganhos e reduzir amea\u00e7as e perdas.<\/p>\n<p>Com base nessa teoria, analistas buscam explicar a a\u00e7\u00e3o humana na perspectiva da intera\u00e7\u00e3o estrat\u00e9gica\u00a0 e compreender condi\u00e7\u00f5es concretas de escolha com vistas a prever as opera\u00e7\u00f5es dos agentes que se relacionam mutuamente na economia, pol\u00edtica e na sociedade.<\/p>\n<p>Esta perspectiva apresenta algumas falhas j\u00e1 amplamente reconhecidas, duas delas s\u00e3o: a suposi\u00e7\u00e3o equivocada de que as escolhas \u00f3timas para os agentes podem ser padronizadas e de que decis\u00f5es estrat\u00e9gicas sempre dependem da qualidade das informa\u00e7\u00f5es anteriormente obtidas. Tais defici\u00eancias limitam o alcance do modelo e suas pretens\u00f5es.<\/p>\n<p>O que os economistas e cientistas sociais n\u00e3o veem \u00e9 que na base desses dilemas, existem princ\u00edpios espirituais que os alicer\u00e7am. Refletindo biblicamente, sabe-se que o ser humano pode at\u00e9 pensar que possui o comando, mas a verdade \u00e9 que nossa capacidade de intervir nos rumos da nossa pr\u00f3pria vida s\u00e3o muito restritos:<\/p>\n<p>\u201cTodos os caminhos do homem lhe parecem puros, mas o Senhor avalia o esp\u00edrito\u201d (Prov\u00e9rbios 16: 2).<\/p>\n<p>Isso n\u00e3o tem a ver apenas com o que foge ao nosso controle, as tais condi\u00e7\u00f5es limitadoras que nos enredam sem que tenhamos os meios para nos libertar. Al\u00e9m dessa esp\u00e9cie de problemas, existem tamb\u00e9m dilemas atinentes ao pr\u00f3prio campo de a\u00e7\u00e3o que depende exclusivamente das nossas decis\u00f5es conscientes.<\/p>\n<p>Quando vamos escolher um caminho, precisamos antecipar consequ\u00eancias, ter ideia de onde cada decis\u00e3o pode nos levar. A teoria da Escolha Racional est\u00e1 correta ao determinar que \u00e9 t\u00edpico do ser humano arbitrar procurando maximizar ganhos e reduzir perdas, por\u00e9m, tais s\u00e3o sempre pass\u00edveis do \u201cd\u00e9ficit de informa\u00e7\u00e3o\u201d. Quer dizer, sempre que buscamos o melhor, o fazemos segundo as informa\u00e7\u00f5es que possu\u00edmos e se tais n\u00e3o forem precisas, se estiverem incorretas ou forem insuficientes a chance de erro \u00e9 imensa.<\/p>\n<p>At\u00e9 aqui os pr\u00f3prios cientistas admitem defici\u00eancia na teoria. A quest\u00e3o est\u00e1 no desdobramento filos\u00f3fico. Quando teremos todas as informa\u00e7\u00f5es precisas (corretas e suficientes) para qualquer decis\u00e3o? Ora, a vida concreta sempre guarda um lugar de honra para o fator imponder\u00e1vel. Quem poderia prever, por exemplo, que em 2020 haveria a pandemia COVID-19? Que em 2022 a R\u00fassia atacaria a Ucr\u00e2nia? Que uma grande empresa ou um grande banco estariam fraudando seus balan\u00e7os?<\/p>\n<p>Na verdade, o ser humano jamais consegue reunir as informa\u00e7\u00f5es relevantes sobre coisa alguma porque a realidade concreta \u00e9 para nossos olhos sempre inconstante e mut\u00e1vel.<\/p>\n<p>Mas n\u00e3o existe s\u00f3 esse desafio externo ao agente da a\u00e7\u00e3o, h\u00e1 outro que nasce dentro de cada um de n\u00f3s. Tamb\u00e9m \u00e9 necess\u00e1rio refletir sobre a maneira como processamos o que nos \u00e9 apresentado. Ou seja, como moldamos nossos desejos, selecionamos nossas prefer\u00eancias e interpretamos as informa\u00e7\u00f5es no processo de tomada de decis\u00e3o.<\/p>\n<p>O que se forma no cora\u00e7\u00e3o do ser humano \u00e9 um mist\u00e9rio. Por que queremos o que queremos? Por que n\u00e3o aceitamos certas coisas e aceitamos outras? Por que nossa inclina\u00e7\u00e3o \u00e9 \u201ctal\u201d e n\u00e3o \u201cqual\u201d? N\u00f3s mesmos n\u00e3o sabemos quem dir\u00e1 os outros. Portanto, n\u00e3o \u00e9 t\u00e3o simples dizer que \u201csempre escolhemos o melhor\u201d, pois muitas vezes o que achamos que trar\u00e1 o bem, na verdade, trar\u00e1 o mal.<\/p>\n<p>Portanto, nossas escolhas, resultam da s\u00edntese (mistura) entre o que trazemos de bagagem dentro de n\u00f3s e as informa\u00e7\u00f5es que conseguimos obter.<\/p>\n<p>Se o que desejamos contiver alguma m\u00e1cula e se o que sabemos n\u00e3o \u00e9 toda a verdade, possivelmente, ainda que estejamos pensando que tomamos a melhor decis\u00e3o, provavelmente estaremos agindo contra n\u00f3s mesmos.<\/p>\n<p>Por isso devemos entregar todas as nossas inten\u00e7\u00f5es e os nossos caminhos ao Senhor, porque somente Ele sabe de tudo, somente o Alt\u00edssimo contempla o quadro completo com todas as vari\u00e1veis: ele enxerga o que vive em nossos cora\u00e7\u00f5es e tem em vista todas as poss\u00edveis consequ\u00eancias de cada ato nosso.<\/p>\n","protected":false},"excerpt":{"rendered":"<p>A Teoria da Escolha Racional, forte entre economistas e relevante entre cientistas sociais, afirma que o ser humano opera no mundo de maneira predominantemente racional e auto referenciada, fazendo escolhas que procuram otimizar meios e fins, sempre pretendendo maximizar ganhos e reduzir amea\u00e7as e perdas. Com base nessa teoria, analistas buscam explicar a a\u00e7\u00e3o humana [&hellip;]<\/p>\n","protected":false},"author":96,"featured_media":0,"comment_status":"closed","ping_status":"closed","sticky":false,"template":"","format":"standard","meta":{"footnotes":""},"categories":[1244],"tags":[],"class_list":["post-211531","post","type-post","status-publish","format-standard","hentry","category-oleg-abramov"],"_links":{"self":[{"href":"https:\/\/diarioregionaldigital.com.br\/index.php?rest_route=\/wp\/v2\/posts\/211531","targetHints":{"allow":["GET"]}}],"collection":[{"href":"https:\/\/diarioregionaldigital.com.br\/index.php?rest_route=\/wp\/v2\/posts"}],"about":[{"href":"https:\/\/diarioregionaldigital.com.br\/index.php?rest_route=\/wp\/v2\/types\/post"}],"author":[{"embeddable":true,"href":"https:\/\/diarioregionaldigital.com.br\/index.php?rest_route=\/wp\/v2\/users\/96"}],"replies":[{"embeddable":true,"href":"https:\/\/diarioregionaldigital.com.br\/index.php?rest_route=%2Fwp%2Fv2%2Fcomments&post=211531"}],"version-history":[{"count":1,"href":"https:\/\/diarioregionaldigital.com.br\/index.php?rest_route=\/wp\/v2\/posts\/211531\/revisions"}],"predecessor-version":[{"id":211532,"href":"https:\/\/diarioregionaldigital.com.br\/index.php?rest_route=\/wp\/v2\/posts\/211531\/revisions\/211532"}],"wp:attachment":[{"href":"https:\/\/diarioregionaldigital.com.br\/index.php?rest_route=%2Fwp%2Fv2%2Fmedia&parent=211531"}],"wp:term":[{"taxonomy":"category","embeddable":true,"href":"https:\/\/diarioregionaldigital.com.br\/index.php?rest_route=%2Fwp%2Fv2%2Fcategories&post=211531"},{"taxonomy":"post_tag","embeddable":true,"href":"https:\/\/diarioregionaldigital.com.br\/index.php?rest_route=%2Fwp%2Fv2%2Ftags&post=211531"}],"curies":[{"name":"wp","href":"https:\/\/api.w.org\/{rel}","templated":true}]}}