{"id":211524,"date":"2023-03-16T18:58:35","date_gmt":"2023-03-16T21:58:35","guid":{"rendered":"https:\/\/diarioregionaldigital.com.br\/?p=211524"},"modified":"2023-03-16T18:58:35","modified_gmt":"2023-03-16T21:58:35","slug":"pjf-atende-21-bairros-com-operacao-tapa-buraco-nesta-quinta-16","status":"publish","type":"post","link":"https:\/\/diarioregionaldigital.com.br\/?p=211524","title":{"rendered":"PJF atende 21 bairros com opera\u00e7\u00e3o tapa-buraco nesta quinta, 16"},"content":{"rendered":"<p>Segundo informa\u00e7\u00f5es do site da Prefeitura de Juiz de Fora (PJF), as\u00a0 equipes da Prefeitura de Juiz de Fora (PJF) seguem a todo vapor com os trabalhos de zeladoria pelo munic\u00edpio. Somente com a opera\u00e7\u00e3o tapa-buracos, a PJF atendeu 42 vias, em 21 bairros, nesta quinta-feira, 16.<\/p>\n<p>Dentre os locais atendidos, destaque para a Avenida Brasil, no bairro S\u00e3o Dimas, via com intensa movimenta\u00e7\u00e3o de ve\u00edculos. Por l\u00e1 a opera\u00e7\u00e3o tapa buracos segue em andamento, agora quem passa pela via j\u00e1 pode perceber a diferen\u00e7a, o tr\u00e2nsito est\u00e1 mais fluido, seguro e confort\u00e1vel para pedestres e motoristas que passam pelo local.<\/p>\n<p><strong>Confira a lista de bairros atendidos na quinta-feira, 16:<\/strong><\/p>\n<p>Aeroporto<br \/>\nBairu<\/p>\n<p>Bandeirantes<\/p>\n<p>Barreira do Triunfo<\/p>\n<p>Bela Aurora<\/p>\n<p>Bom Pastor<\/p>\n<p>Cai\u00e7aras<\/p>\n<p>Cascatinha<\/p>\n<p>Granbery<\/p>\n<p>J\u00f3quei Clube iii<\/p>\n<p>Mariano Proc\u00f3pio<\/p>\n<p>Maril\u00e2ndia<\/p>\n<p>Milho Branco<\/p>\n<p>Monte Castelo<\/p>\n<p>Nova Benfica<\/p>\n<p>Nova Era<\/p>\n<p>Santa Am\u00e9lia<\/p>\n<p>S\u00e3o Benedito<\/p>\n<p>S\u00e3o Dimas<\/p>\n<p>Vila Alpina<\/p>\n<p>Vila Ideal<\/p>\n<p>Os trabalhos de recomposi\u00e7\u00e3o do programa Boniteza d\u00e3o continuidade ao processo de recupera\u00e7\u00e3o das vias de Juiz de Fora, que ocorre constantemente. As execu\u00e7\u00f5es trazem mais conforto e seguran\u00e7a para a popula\u00e7\u00e3o da cidade.<\/p>\n<p><strong>Recapeamento segue nas ruas Coronel Vidal e Dr. Henrique Burnier<\/strong><\/p>\n<p>As equipes da Empresa Municipal de Pavimenta\u00e7\u00e3o e Urbanidades (Empav) tamb\u00e9m seguem dando continuidade ao recapeamento da Rua Coronel Vidal, no bairro Cer\u00e2mica, e da Rua Dr. Henrique Burnier, no Mariano Proc\u00f3pio. No total, est\u00e3o sendo recapeados quase tr\u00eas quil\u00f4metros de extens\u00e3o, em uma \u00e1rea de mais de 32 mil metros quadrados, aplicando aproximadamente 3.700 toneladas de massa asf\u00e1ltica.<\/p>\n<p>As a\u00e7\u00f5es seguem em andamento na cidade e a programa\u00e7\u00e3o di\u00e1ria completa pode ser conferida na p\u00e1gina do Gabinete de A\u00e7\u00e3o e Di\u00e1logo Comunit\u00e1rio atrav\u00e9s do link. Para solicitar servi\u00e7os de zeladoria em vias p\u00fablicas, como tapa-buracos, poda e corte de \u00e1rvores, limpeza de pra\u00e7as e outros, entre em contato com o Gabinete de A\u00e7\u00e3o e Di\u00e1logo Comunit\u00e1rio, atrav\u00e9s do telefone (32) 3690-7241 (liga\u00e7\u00e3o ou WhatsApp).<\/p>\n","protected":false},"excerpt":{"rendered":"<p>Segundo informa\u00e7\u00f5es do site da Prefeitura de Juiz de Fora (PJF), as\u00a0 equipes da Prefeitura de Juiz de Fora (PJF) seguem a todo vapor com os trabalhos de zeladoria pelo munic\u00edpio. Somente com a opera\u00e7\u00e3o tapa-buracos, a PJF atendeu 42 vias, em 21 bairros, nesta quinta-feira, 16. Dentre os locais atendidos, destaque para a Avenida [&hellip;]<\/p>\n","protected":false},"author":246,"featured_media":211525,"comment_status":"closed","ping_status":"closed","sticky":false,"template":"","format":"standard","meta":{"footnotes":""},"categories":[253,436,439],"tags":[],"class_list":["post-211524","post","type-post","status-publish","format-standard","has-post-thumbnail","hentry","category-cidade","category-destaque-da-semana","category-ultima-hora"],"_links":{"self":[{"href":"https:\/\/diarioregionaldigital.com.br\/index.php?rest_route=\/wp\/v2\/posts\/211524","targetHints":{"allow":["GET"]}}],"collection":[{"href":"https:\/\/diarioregionaldigital.com.br\/index.php?rest_route=\/wp\/v2\/posts"}],"about":[{"href":"https:\/\/diarioregionaldigital.com.br\/index.php?rest_route=\/wp\/v2\/types\/post"}],"author":[{"embeddable":true,"href":"https:\/\/diarioregionaldigital.com.br\/index.php?rest_route=\/wp\/v2\/users\/246"}],"replies":[{"embeddable":true,"href":"https:\/\/diarioregionaldigital.com.br\/index.php?rest_route=%2Fwp%2Fv2%2Fcomments&post=211524"}],"version-history":[{"count":1,"href":"https:\/\/diarioregionaldigital.com.br\/index.php?rest_route=\/wp\/v2\/posts\/211524\/revisions"}],"predecessor-version":[{"id":211526,"href":"https:\/\/diarioregionaldigital.com.br\/index.php?rest_route=\/wp\/v2\/posts\/211524\/revisions\/211526"}],"wp:featuredmedia":[{"embeddable":true,"href":"https:\/\/diarioregionaldigital.com.br\/index.php?rest_route=\/wp\/v2\/media\/211525"}],"wp:attachment":[{"href":"https:\/\/diarioregionaldigital.com.br\/index.php?rest_route=%2Fwp%2Fv2%2Fmedia&parent=211524"}],"wp:term":[{"taxonomy":"category","embeddable":true,"href":"https:\/\/diarioregionaldigital.com.br\/index.php?rest_route=%2Fwp%2Fv2%2Fcategories&post=211524"},{"taxonomy":"post_tag","embeddable":true,"href":"https:\/\/diarioregionaldigital.com.br\/index.php?rest_route=%2Fwp%2Fv2%2Ftags&post=211524"}],"curies":[{"name":"wp","href":"https:\/\/api.w.org\/{rel}","templated":true}]}}