{"id":211521,"date":"2023-03-16T18:57:02","date_gmt":"2023-03-16T21:57:02","guid":{"rendered":"https:\/\/diarioregionaldigital.com.br\/?p=211521"},"modified":"2023-03-16T18:57:02","modified_gmt":"2023-03-16T21:57:02","slug":"avenida-garcia-rodrigues-paes-tera-interdicao-na-pista-centro-bairro-nesta-sexta-17","status":"publish","type":"post","link":"https:\/\/diarioregionaldigital.com.br\/?p=211521","title":{"rendered":"Avenida Garcia Rodrigues Paes ter\u00e1 interdi\u00e7\u00e3o na pista Centro\/bairro nesta sexta, 17"},"content":{"rendered":"<p>Segundo informa\u00e7\u00f5es do site da Prefeitura de Juiz de Fora (PJF), devido a realiza\u00e7\u00e3o de uma obra emergencial na Av. Garcia Rodrigues Paes (Acesso Norte) a partir de 7h30 desta sexta-feira, 17, pela Secretaria de Obras (SO) da Prefeitura de Juiz de Fora (PJF), a pista sentido Centro\/bairro ter\u00e1 um trecho interditado, e por isso, o tr\u00e2nsito ser\u00e1 desviado para as vias locais do bairro J\u00f3quei Clube II at\u00e9 o bairro Barbosa Lage, quando ser\u00e1 poss\u00edvel o retorno ao Acesso Norte. Inicialmente, a pista bairro\/Centro n\u00e3o ser\u00e1 fechada, mas, de acordo com a necessidade, tamb\u00e9m poder\u00e3o ocorrer interdi\u00e7\u00f5es.<\/p>\n<p>A interven\u00e7\u00e3o vai reparar as redes de \u00e1gua pluvial e esgoto nas margens do Rio Paraibuna. Ainda n\u00e3o h\u00e1 previs\u00e3o de tempo de dura\u00e7\u00e3o da obra, que deve ser determinada apenas ap\u00f3s o in\u00edcio dos trabalhos.<\/p>\n","protected":false},"excerpt":{"rendered":"<p>Segundo informa\u00e7\u00f5es do site da Prefeitura de Juiz de Fora (PJF), devido a realiza\u00e7\u00e3o de uma obra emergencial na Av. Garcia Rodrigues Paes (Acesso Norte) a partir de 7h30 desta sexta-feira, 17, pela Secretaria de Obras (SO) da Prefeitura de Juiz de Fora (PJF), a pista sentido Centro\/bairro ter\u00e1 um trecho interditado, e por isso, [&hellip;]<\/p>\n","protected":false},"author":246,"featured_media":211522,"comment_status":"closed","ping_status":"closed","sticky":false,"template":"","format":"standard","meta":{"footnotes":""},"categories":[253,436,439],"tags":[],"class_list":["post-211521","post","type-post","status-publish","format-standard","has-post-thumbnail","hentry","category-cidade","category-destaque-da-semana","category-ultima-hora"],"_links":{"self":[{"href":"https:\/\/diarioregionaldigital.com.br\/index.php?rest_route=\/wp\/v2\/posts\/211521","targetHints":{"allow":["GET"]}}],"collection":[{"href":"https:\/\/diarioregionaldigital.com.br\/index.php?rest_route=\/wp\/v2\/posts"}],"about":[{"href":"https:\/\/diarioregionaldigital.com.br\/index.php?rest_route=\/wp\/v2\/types\/post"}],"author":[{"embeddable":true,"href":"https:\/\/diarioregionaldigital.com.br\/index.php?rest_route=\/wp\/v2\/users\/246"}],"replies":[{"embeddable":true,"href":"https:\/\/diarioregionaldigital.com.br\/index.php?rest_route=%2Fwp%2Fv2%2Fcomments&post=211521"}],"version-history":[{"count":1,"href":"https:\/\/diarioregionaldigital.com.br\/index.php?rest_route=\/wp\/v2\/posts\/211521\/revisions"}],"predecessor-version":[{"id":211523,"href":"https:\/\/diarioregionaldigital.com.br\/index.php?rest_route=\/wp\/v2\/posts\/211521\/revisions\/211523"}],"wp:featuredmedia":[{"embeddable":true,"href":"https:\/\/diarioregionaldigital.com.br\/index.php?rest_route=\/wp\/v2\/media\/211522"}],"wp:attachment":[{"href":"https:\/\/diarioregionaldigital.com.br\/index.php?rest_route=%2Fwp%2Fv2%2Fmedia&parent=211521"}],"wp:term":[{"taxonomy":"category","embeddable":true,"href":"https:\/\/diarioregionaldigital.com.br\/index.php?rest_route=%2Fwp%2Fv2%2Fcategories&post=211521"},{"taxonomy":"post_tag","embeddable":true,"href":"https:\/\/diarioregionaldigital.com.br\/index.php?rest_route=%2Fwp%2Fv2%2Ftags&post=211521"}],"curies":[{"name":"wp","href":"https:\/\/api.w.org\/{rel}","templated":true}]}}