{"id":211518,"date":"2023-03-16T18:55:36","date_gmt":"2023-03-16T21:55:36","guid":{"rendered":"https:\/\/diarioregionaldigital.com.br\/?p=211518"},"modified":"2023-03-16T18:55:36","modified_gmt":"2023-03-16T21:55:36","slug":"rua-de-brincar-do-santo-antonio-tera-brinquedos-e-apresentacoes-culturais-neste-domingo-19","status":"publish","type":"post","link":"https:\/\/diarioregionaldigital.com.br\/?p=211518","title":{"rendered":"Rua de Brincar do Santo Ant\u00f4nio ter\u00e1 brinquedos e apresenta\u00e7\u00f5es culturais neste domingo, 19"},"content":{"rendered":"<p>Segundo informa\u00e7\u00f5es do site da Prefeitura de Juiz de Fora (PJF), a PJF realizar\u00e1 atividades na Rua de Brincar do bairro Santo Ant\u00f4nio neste domingo, 19. De 8h \u00e0s 12h, a Rua Ot\u00e1vio Corr\u00eaa Maia contar\u00e1 com brincadeiras, apresenta\u00e7\u00f5es e atividades ao ar livre.<\/p>\n<p>Ser\u00e3o realizadas pintura dos muros, batalhas de conhecimento e as crian\u00e7as poder\u00e3o aproveitar brinquedos infl\u00e1veis, tot\u00f3, t\u00eanis de mesa, sinuquinha e outras brincadeiras. Tamb\u00e9m haver\u00e1 shows dos artistas Claudim Melo, Didi Big, Cadu Gloobmund e Tat\u00e1 Rocha, al\u00e9m de Pocket Shows com\u00a0 Zero1 MC e D&#8217;black MC + Sararau Crioulos (Igor Braz, Pretovivo e daLagoa).<\/p>\n<p>O Rua de Brincar \u00e9 uma iniciativa que visa uma maior integra\u00e7\u00e3o da popula\u00e7\u00e3o com a cidade, incentivando a ado\u00e7\u00e3o de espa\u00e7os p\u00fablicos como locais para lazer e a pr\u00e1tica de atividades ao ar livre. Promovida pelo Programa Boniteza, a iniciativa \u00e9 coordenada pela Secretaria de Governo (SG). Neste domingo, as atividades ser\u00e3o promovidas pela Companhia Municipal de Habita\u00e7\u00e3o e Inclus\u00e3o Produtiva (Emcasa) e pela Secretaria de Esporte e Lazer (SEL).<\/p>\n<p>Al\u00e9m do bairro Santo Ant\u00f4nio, o projeto acontece todos os domingo nos bairros Santa Cruz (Rua Sebasti\u00e3o Schneider &#8211; Rua do Caic), Retiro (Rua Aladim Silva), Ponte Preta (Avenida Gabriel Sobreira), Santa Luzia ( Rua Tr\u00eas Ilhas), e na Avenida Brasil, no trecho entre a Rua Benjamin Constant e a Rua Mal. Setembrino de Carvalho (Ponte do Ladeira). Todos os domingos, de 8h \u00e0s 12h, as ruas contempladas pelo projeto ficam fechadas para o tr\u00e2nsito de ve\u00edculos.<\/p>\n<p><strong>Programa\u00e7\u00e3o do evento:\u00a0<\/strong><br \/>\n8h &#8211; Abertura do evento (Mestre de Cerim\u00f4nias Shogun MC)<\/p>\n<p>8h &#8211; 12h &#8211; pintura dos muros com os artistas: Claudim Melo, Didi Big, Cadu Gloobmund e Tat\u00e1 Rocha<\/p>\n<p>9h &#8211; Pocket Show com D&#8217;black MC + Sararau Crioulos (Igor Braz, Pretovivo e daLagoa)<\/p>\n<p>10h &#8211; Pocket Show com Zero1 MC<\/p>\n<p>11h &#8211; Batalha do conhecimento<\/p>\n<p><strong>Programa Boniteza<\/strong><\/p>\n<p>Coordenado pela Secretaria de Governo (SG), o Programa Boniteza \u00e9 desenvolvido atrav\u00e9s de uma a\u00e7\u00e3o integrada entre Secretaria de Assist\u00eancia Social (SAS); Secretaria de Agricultura Pecu\u00e1ria e Abastecimento (Seapa); Companhia de Saneamento Municipal (Cesama); Secretaria de Comunica\u00e7\u00e3o Social (Secom); Departamento Municipal de Limpeza Urbana (Demlurb);\u00a0 Secretaria de Desenvolvimento Sustent\u00e1vel e Inclusivo, da Inova\u00e7\u00e3o e Competitividade (Sedic); Empresa Municipal de Pavimenta\u00e7\u00e3o e Urbanidades (Empav); Secretaria de Educa\u00e7\u00e3o (SE); Secretaria Especial de Direitos Humanos (SEDH); Secretaria de Esporte e Lazer (SEL); Funda\u00e7\u00e3o Cultural Alfredo Ferreira Lage (Funalfa); Secretaria da Fazenda (SF); Secretaria de Mobilidade Urbana (SMU); Secretaria de Obras (SO); Secretaria de Planejamento Urbano (Sepur); Secretaria de Planejamento do Territ\u00f3rio e Participa\u00e7\u00e3o Popular (Seppop); Secretaria de Sustentabilidade em Meio Ambiente e Atividades Urbanas (Sesmaur); Secretaria de Seguran\u00e7a Urbana e Cidaania (Sesuc); Secretaria de Sa\u00fade (SS); Secretaria de Turismo (Setur); e Secretaria de Transforma\u00e7\u00e3o Digital e Administrativa (STDA).<\/p>\n","protected":false},"excerpt":{"rendered":"<p>Segundo informa\u00e7\u00f5es do site da Prefeitura de Juiz de Fora (PJF), a PJF realizar\u00e1 atividades na Rua de Brincar do bairro Santo Ant\u00f4nio neste domingo, 19. De 8h \u00e0s 12h, a Rua Ot\u00e1vio Corr\u00eaa Maia contar\u00e1 com brincadeiras, apresenta\u00e7\u00f5es e atividades ao ar livre. Ser\u00e3o realizadas pintura dos muros, batalhas de conhecimento e as crian\u00e7as [&hellip;]<\/p>\n","protected":false},"author":246,"featured_media":211519,"comment_status":"closed","ping_status":"closed","sticky":false,"template":"","format":"standard","meta":{"footnotes":""},"categories":[253,436,439],"tags":[],"class_list":["post-211518","post","type-post","status-publish","format-standard","has-post-thumbnail","hentry","category-cidade","category-destaque-da-semana","category-ultima-hora"],"_links":{"self":[{"href":"https:\/\/diarioregionaldigital.com.br\/index.php?rest_route=\/wp\/v2\/posts\/211518","targetHints":{"allow":["GET"]}}],"collection":[{"href":"https:\/\/diarioregionaldigital.com.br\/index.php?rest_route=\/wp\/v2\/posts"}],"about":[{"href":"https:\/\/diarioregionaldigital.com.br\/index.php?rest_route=\/wp\/v2\/types\/post"}],"author":[{"embeddable":true,"href":"https:\/\/diarioregionaldigital.com.br\/index.php?rest_route=\/wp\/v2\/users\/246"}],"replies":[{"embeddable":true,"href":"https:\/\/diarioregionaldigital.com.br\/index.php?rest_route=%2Fwp%2Fv2%2Fcomments&post=211518"}],"version-history":[{"count":1,"href":"https:\/\/diarioregionaldigital.com.br\/index.php?rest_route=\/wp\/v2\/posts\/211518\/revisions"}],"predecessor-version":[{"id":211520,"href":"https:\/\/diarioregionaldigital.com.br\/index.php?rest_route=\/wp\/v2\/posts\/211518\/revisions\/211520"}],"wp:featuredmedia":[{"embeddable":true,"href":"https:\/\/diarioregionaldigital.com.br\/index.php?rest_route=\/wp\/v2\/media\/211519"}],"wp:attachment":[{"href":"https:\/\/diarioregionaldigital.com.br\/index.php?rest_route=%2Fwp%2Fv2%2Fmedia&parent=211518"}],"wp:term":[{"taxonomy":"category","embeddable":true,"href":"https:\/\/diarioregionaldigital.com.br\/index.php?rest_route=%2Fwp%2Fv2%2Fcategories&post=211518"},{"taxonomy":"post_tag","embeddable":true,"href":"https:\/\/diarioregionaldigital.com.br\/index.php?rest_route=%2Fwp%2Fv2%2Ftags&post=211518"}],"curies":[{"name":"wp","href":"https:\/\/api.w.org\/{rel}","templated":true}]}}