{"id":211515,"date":"2023-03-16T18:53:30","date_gmt":"2023-03-16T21:53:30","guid":{"rendered":"https:\/\/diarioregionaldigital.com.br\/?p=211515"},"modified":"2023-03-16T18:53:30","modified_gmt":"2023-03-16T21:53:30","slug":"curtas-metragens-murais-e-livro-revelam-memorias-ocultas-nas-periferias-de-juiz-de-fora","status":"publish","type":"post","link":"https:\/\/diarioregionaldigital.com.br\/?p=211515","title":{"rendered":"Curtas-metragens, murais e livro revelam mem\u00f3rias ocultas nas periferias de Juiz de Fora"},"content":{"rendered":"<p>Segundo informa\u00e7\u00f5es do site da Prefeitura de Juiz de Fora (PJF), fotografias, relatos e objetos que ajudam a contar as hist\u00f3rias do Dom Bosco e do S\u00e3o Benedito, na periferia de Juiz de Fora, foram cuidadosamente recolhidos pelo Coletivo Rumino no projeto \u201cMem\u00f3ria \u00e0 Vista\u201d. O resultado desse garimpo pode ser conferido no livro\u00a0&#8220;Mem\u00f3ria &#8211; vista&#8221;, em quatro murais pintados nos bairros e nos curtas-metragens: \u201cOnde o N\u00f3 Faz a Curva\u201d e \u201cBeneditas\u201d. A publica\u00e7\u00e3o est\u00e1 sendo distribu\u00edda em escolas e bibliotecas da cidade, enquanto os filmes ter\u00e3o sua primeira exibi\u00e7\u00e3o p\u00fablica neste s\u00e1bado, 18, \u00e0s 15h, no Anfiteatro Jo\u00e3o Carri\u00e7o, localizado na Avenida Rio Branco 2.234, Parque Halfeld. A sess\u00e3o tem entrada franca, sendo livre para todos os p\u00fablicos.<\/p>\n<p>De car\u00e1ter multidisciplinar, o projeto \u201cMem\u00f3ria \u00e0 Vista\u201d tem financiamento do Programa Cultural Murilo Mendes, mantido pela Prefeitura de Juiz de Fora (PJF) e gerenciado pela Funda\u00e7\u00e3o Cultural Alfredo Ferreira Lage (Funalfa). O trabalho foi desenvolvido entre os anos de 2019 e 2022. \u201cEntrevistamos v\u00e1rios moradores, perguntando como enxergavam o pr\u00f3prio bairro, como se lembravam dele na sua inf\u00e2ncia e questionando que li\u00e7\u00f5es de vida gostariam de passar adiante. Buscamos conhecer nessa individualidade a rela\u00e7\u00e3o coletiva desses moradores\u201d, afirma Wallace Faria Ferreira,\u00a0proponente do projeto.<\/p>\n<p>O coletivo buscou resgatar e dar visibilidade a mem\u00f3rias sociais importantes para a cria\u00e7\u00e3o da identidade n\u00e3o s\u00f3 dos territ\u00f3rios contemplados, mas da cidade como um todo. A iniciativa tamb\u00e9m contribui para sua preserva\u00e7\u00e3o dessas recorda\u00e7\u00f5es.<\/p>\n<p>Em comum, S\u00e3o Benedito e Dom Bosco t\u00eam o fato de terem sido fundados majoritariamente por pessoas negras, tendo, inclusive, abrigado quilombos. \u201cAlegrias, suspiros de saudade, den\u00fancias, esquecimentos e o h\u00e1lito de mem\u00f3rias ancestrais surgem \u00e0 vista, como um alerta e um desejo de que n\u00f3s, eu e voc\u00ea, n\u00e3o podemos esquecer,\u201d afirma Lucas Soares,\u00a0um dos integrantes do Rumino e autor do livro.<\/p>\n<p>Ap\u00f3s o lan\u00e7amento, os document\u00e1rios poder\u00e3o ser acessados no YouTube em dois link: um para o\u00a0<a href=\"https:\/\/youtu.be\/d-iWpKGw2i4\"><strong>Dom Bosco<\/strong><\/a>; e outro para\u00a0<a href=\"https:\/\/youtu.be\/a9R3yTqR5-A\"><strong>S\u00e3o Benedito<\/strong><\/a>.<\/p>\n<p>O livro \u201cMem\u00f3ria \u00e0 Vista\u201d est\u00e1 dispon\u00edvel para consulta na Biblioteca Municipal Murilo Mendes, localizada na Avenida Get\u00falio Vargas 200, Centro, e em institui\u00e7\u00f5es presentes nos dois bairros: Escola Estadual Professor Lindolfo Gomes, Escola Estadual Professor C\u00e2ndido Motta Filho e Escola Municipal Professor Irineu Guimar\u00e3es, no S\u00e3o Benedito; Instituto Dom Orione e Grupo Esp\u00edrita Semente, no Dom Bosco.<\/p>\n<p>Fichas t\u00e9cnicas<\/p>\n<p><strong>Document\u00e1rios<\/strong>:<\/p>\n<p>&#8211; \u201cOnde o N\u00f3 Faz a Curva\u201d | 2023 | 15\u201944<br \/>\nDire\u00e7\u00e3o: Julia Manaia Lardo Bioni<br \/>\nRoteiro: Lucas Soares e Wallace Faria Ferreira<br \/>\nElenco: Jos\u00e9 Antonio Pereira, Jo\u00e3o Cassimiro Filho, Sebastiana Maria da Concei\u00e7\u00e3o, Jos\u00e9 Carlos Lopes da Silva, Fatima Cristina Fernando, Maria Catarina da Cruz, Darcy Manoel da Cunha, Sonia Francisquini Pereira, Maria Teresa de Jesus Moreira, Nair Belem Fideles, Jorge Paulo dos Santos, Marcus Antonio Lopes dos Santos, Edson Lopes dos Santos, Jade Dias, Maria Jos\u00e9 dos Reis.<\/p>\n<p>&#8211; \u201cBeneditas\u201d | 2023 | 23\u201944<br \/>\nDire\u00e7\u00e3o: Julia Manaia Lardo Bioni<br \/>\nRoteiro: Lucas Soares e Wallace Faria Ferreira<br \/>\nElenco: Maria Jos\u00e9 dos Santos, Angela Maria Pinto Enes, Natalia Fonte Alves, Clarisse Ribeiro Cardoso, Luciana, Silva Nogueira, Vera Lucia Aparecida Silva, Amarillis do Nascimento Oliveira, Maria Aparecida de Oliveira, Geralda Balbina Rosa, Shetara de Oliveira, Maria de Lourdes Sanches, Maria Aparecida Sancho Fernandes, Maria Aparecida Patricio Roberto<\/p>\n<p><strong>Murais<\/strong>:<\/p>\n<p>Execu\u00e7\u00e3o Coletivo Rumino: Wallace Faria Ferreira, Lucas Soares, Julia Manaia Lardo Bioni e Gabriela Antunes Ramos de Lemos<br \/>\n&#8211; Rua Silv\u00e9rio da Silveira 67 &#8211; Dom Bosco;<br \/>\n&#8211; Rua Belo Vale 199 &#8211; Dom Bosco;<br \/>\n&#8211; Rua Lambari\u00a0272 &#8211; S\u00e3o Benedito;<br \/>\n&#8211; Rua Arax\u00e1 159 &#8211; S\u00e3o Benedito.<\/p>\n<p><strong>Livro<\/strong>:<\/p>\n<p>Compilado de narrativas e imagens afetivas de acervo dos moradores, junto a textos autorais de Lucas Soares e dois pesquisadores convidados, Alan Willian de Jesus (S\u00e3o Benedito) e Gilmara Santos Mariosa (Dom Bosco).<\/p>\n","protected":false},"excerpt":{"rendered":"<p>Segundo informa\u00e7\u00f5es do site da Prefeitura de Juiz de Fora (PJF), fotografias, relatos e objetos que ajudam a contar as hist\u00f3rias do Dom Bosco e do S\u00e3o Benedito, na periferia de Juiz de Fora, foram cuidadosamente recolhidos pelo Coletivo Rumino no projeto \u201cMem\u00f3ria \u00e0 Vista\u201d. O resultado desse garimpo pode ser conferido no livro\u00a0&#8220;Mem\u00f3ria &#8211; [&hellip;]<\/p>\n","protected":false},"author":246,"featured_media":211516,"comment_status":"closed","ping_status":"closed","sticky":false,"template":"","format":"standard","meta":{"footnotes":""},"categories":[253,436,440,439],"tags":[],"class_list":["post-211515","post","type-post","status-publish","format-standard","has-post-thumbnail","hentry","category-cidade","category-destaque-da-semana","category-destaques-do-dia","category-ultima-hora"],"_links":{"self":[{"href":"https:\/\/diarioregionaldigital.com.br\/index.php?rest_route=\/wp\/v2\/posts\/211515","targetHints":{"allow":["GET"]}}],"collection":[{"href":"https:\/\/diarioregionaldigital.com.br\/index.php?rest_route=\/wp\/v2\/posts"}],"about":[{"href":"https:\/\/diarioregionaldigital.com.br\/index.php?rest_route=\/wp\/v2\/types\/post"}],"author":[{"embeddable":true,"href":"https:\/\/diarioregionaldigital.com.br\/index.php?rest_route=\/wp\/v2\/users\/246"}],"replies":[{"embeddable":true,"href":"https:\/\/diarioregionaldigital.com.br\/index.php?rest_route=%2Fwp%2Fv2%2Fcomments&post=211515"}],"version-history":[{"count":1,"href":"https:\/\/diarioregionaldigital.com.br\/index.php?rest_route=\/wp\/v2\/posts\/211515\/revisions"}],"predecessor-version":[{"id":211517,"href":"https:\/\/diarioregionaldigital.com.br\/index.php?rest_route=\/wp\/v2\/posts\/211515\/revisions\/211517"}],"wp:featuredmedia":[{"embeddable":true,"href":"https:\/\/diarioregionaldigital.com.br\/index.php?rest_route=\/wp\/v2\/media\/211516"}],"wp:attachment":[{"href":"https:\/\/diarioregionaldigital.com.br\/index.php?rest_route=%2Fwp%2Fv2%2Fmedia&parent=211515"}],"wp:term":[{"taxonomy":"category","embeddable":true,"href":"https:\/\/diarioregionaldigital.com.br\/index.php?rest_route=%2Fwp%2Fv2%2Fcategories&post=211515"},{"taxonomy":"post_tag","embeddable":true,"href":"https:\/\/diarioregionaldigital.com.br\/index.php?rest_route=%2Fwp%2Fv2%2Ftags&post=211515"}],"curies":[{"name":"wp","href":"https:\/\/api.w.org\/{rel}","templated":true}]}}