{"id":211509,"date":"2023-03-16T18:48:03","date_gmt":"2023-03-16T21:48:03","guid":{"rendered":"https:\/\/diarioregionaldigital.com.br\/?p=211509"},"modified":"2023-03-16T18:48:03","modified_gmt":"2023-03-16T21:48:03","slug":"paulinho-decide-e-atletico-mg-chega-a-fase-de-grupos-da-libertadores","status":"publish","type":"post","link":"https:\/\/diarioregionaldigital.com.br\/?p=211509","title":{"rendered":"Paulinho decide e Atl\u00e9tico-MG chega \u00e0 fase de grupos da Libertadores"},"content":{"rendered":"<p>O atacante Paulinho foi decisivo e ajudou o Atl\u00e9tico-MG a bater o Millonarios (Col\u00f4mbia) por 3 a 1, na noite desta quarta-feira (15) no est\u00e1dio do Mineir\u00e3o. Com esta vit\u00f3ria, na qual Hulk ainda marcou um gola\u00e7o de bicicleta, o Galo garantiu a classifica\u00e7\u00e3o para a fase de grupos da Copa Libertadores.<img decoding=\"async\" src=\"https:\/\/agenciabrasil.ebc.com.br\/ebc.png?id=1516750&amp;o=node\" \/><img decoding=\"async\" src=\"https:\/\/agenciabrasil.ebc.com.br\/ebc.gif?id=1516750&amp;o=node\" \/><\/p>\n<p>Ap\u00f3s empatar em 1 a 1, na \u00faltima semana no est\u00e1dio El Camp\u00edn, em Bogot\u00e1, pela ida da terceira fase pr\u00e9via da competi\u00e7\u00e3o, a equipe mineira entrou em campo buscando a vit\u00f3ria para garantir sua presen\u00e7a na etapa de grupos da Libertadores.<\/p>\n<p>No primeiro tempo o Atl\u00e9tico-MG at\u00e9 teve mais controle da partida, com mais posse de bola e finaliza\u00e7\u00f5es, mas o placar foi aberto apenas ap\u00f3s o intervalo.<\/p>\n<p>Logo aos tr\u00eas minutos do segundo tempo, Hulk partiu da direita para o meio antes levantar a bola para Paulinho, que se livrou da marca\u00e7\u00e3o para cabecear e abrir o placar. Aos 35, o camisa dez voltou a usar a cabe\u00e7a para superar o goleiro \u00c1lvaro Montero, mas desta vez ap\u00f3s bola levantada por Patrick.<\/p>\n<p>Por\u00e9m, o gol mais bonito ficou para o final. Aos 42 minutos Paulinho assumiu o papel de gar\u00e7om para cruzar na medida para Hulk bater de primeira, de bicicleta, para marcar o \u00faltimo do Galo na partida. Aos 47 Uribe aproveitou falha de Ot\u00e1vio para marcar o de honra do Millonarios, mas nada que diminua a alegria da torcida do Atl\u00e9tico-MG pela classifica\u00e7\u00e3o para a fase de grupos da Libertadores.<\/p>\n<p><span style=\"font-weight: 400;\">Fonte: Ag\u00eancia Brasil <\/span><\/p>\n","protected":false},"excerpt":{"rendered":"<p>O atacante Paulinho foi decisivo e ajudou o Atl\u00e9tico-MG a bater o Millonarios (Col\u00f4mbia) por 3 a 1, na noite desta quarta-feira (15) no est\u00e1dio do Mineir\u00e3o. Com esta vit\u00f3ria, na qual Hulk ainda marcou um gola\u00e7o de bicicleta, o Galo garantiu a classifica\u00e7\u00e3o para a fase de grupos da Copa Libertadores. Ap\u00f3s empatar em [&hellip;]<\/p>\n","protected":false},"author":246,"featured_media":211510,"comment_status":"closed","ping_status":"closed","sticky":false,"template":"","format":"standard","meta":{"footnotes":""},"categories":[436,257,439],"tags":[],"class_list":["post-211509","post","type-post","status-publish","format-standard","has-post-thumbnail","hentry","category-destaque-da-semana","category-esporte","category-ultima-hora"],"_links":{"self":[{"href":"https:\/\/diarioregionaldigital.com.br\/index.php?rest_route=\/wp\/v2\/posts\/211509","targetHints":{"allow":["GET"]}}],"collection":[{"href":"https:\/\/diarioregionaldigital.com.br\/index.php?rest_route=\/wp\/v2\/posts"}],"about":[{"href":"https:\/\/diarioregionaldigital.com.br\/index.php?rest_route=\/wp\/v2\/types\/post"}],"author":[{"embeddable":true,"href":"https:\/\/diarioregionaldigital.com.br\/index.php?rest_route=\/wp\/v2\/users\/246"}],"replies":[{"embeddable":true,"href":"https:\/\/diarioregionaldigital.com.br\/index.php?rest_route=%2Fwp%2Fv2%2Fcomments&post=211509"}],"version-history":[{"count":1,"href":"https:\/\/diarioregionaldigital.com.br\/index.php?rest_route=\/wp\/v2\/posts\/211509\/revisions"}],"predecessor-version":[{"id":211511,"href":"https:\/\/diarioregionaldigital.com.br\/index.php?rest_route=\/wp\/v2\/posts\/211509\/revisions\/211511"}],"wp:featuredmedia":[{"embeddable":true,"href":"https:\/\/diarioregionaldigital.com.br\/index.php?rest_route=\/wp\/v2\/media\/211510"}],"wp:attachment":[{"href":"https:\/\/diarioregionaldigital.com.br\/index.php?rest_route=%2Fwp%2Fv2%2Fmedia&parent=211509"}],"wp:term":[{"taxonomy":"category","embeddable":true,"href":"https:\/\/diarioregionaldigital.com.br\/index.php?rest_route=%2Fwp%2Fv2%2Fcategories&post=211509"},{"taxonomy":"post_tag","embeddable":true,"href":"https:\/\/diarioregionaldigital.com.br\/index.php?rest_route=%2Fwp%2Fv2%2Ftags&post=211509"}],"curies":[{"name":"wp","href":"https:\/\/api.w.org\/{rel}","templated":true}]}}