{"id":211506,"date":"2023-03-16T18:46:41","date_gmt":"2023-03-16T21:46:41","guid":{"rendered":"https:\/\/diarioregionaldigital.com.br\/?p=211506"},"modified":"2023-03-16T18:46:41","modified_gmt":"2023-03-16T21:46:41","slug":"presidente-da-cbf-ednaldo-rodrigues-toma-posse-no-conselho-da-fifa","status":"publish","type":"post","link":"https:\/\/diarioregionaldigital.com.br\/?p=211506","title":{"rendered":"Presidente da CBF, Ednaldo Rodrigues toma posse no Conselho da Fifa"},"content":{"rendered":"<p>Ap\u00f3s hiato de sete anos, o Brasil est\u00e1 de volta ao Conselho da Fifa, a mais alta inst\u00e2ncia de tomadas de decis\u00f5es da entidade. Ednaldo Rodrigues, presidente da Confedera\u00e7\u00e3o Brasileira de Futebol (CBF) tomou posse nesta quinta-feira (16), durante o 73\u00ba Congresso da Fifa, que reelegeu pela terceira vez Gianni Infantino para o\u00a0mandato de presidente da entidade. O Congresso foi aberto hoje (16), em Kigali, capital da Ruanda.<img decoding=\"async\" src=\"https:\/\/agenciabrasil.ebc.com.br\/ebc.png?id=1516814&amp;o=node\" \/><img decoding=\"async\" src=\"https:\/\/agenciabrasil.ebc.com.br\/ebc.gif?id=1516814&amp;o=node\" \/><\/p>\n<p>Ednaldo Rodrigues permanecer\u00e1 por quatro anos no Conselho, composto por outros 36 dirigentes, entre eles o pr\u00f3prio Infantino. O presidente da CBF foi eleito para a cadeira do colegiado em vota\u00e7\u00e3o un\u00e2nime da Conmebol, na \u00faltima quarta (15).<\/p>\n<blockquote><p>&#8220;Vou trabalhar dentro da filosofia do futebol mundial, em prol de todas as bandeiras que possam fazer o futebol um mundo melhor. Muito obrigado&#8221;, prometeu Ednaldo Rodrigues, de 68 anos, diante de delegados de 211 associa\u00e7\u00f5es participantes do Congresso da Fifa.<\/p><\/blockquote>\n<p>O colegiado \u00e9 respons\u00e1vel por decis\u00f5es estrat\u00e9gicas para o futebol mundial. Ap\u00f3s o mandato de quatro anos, cada integrante pode\u00a0ser reeleito mais duas vezes. A composi\u00e7\u00e3o do Conselho tem Gianni Infantino, oito vice-presidentes e 28 membros eleitos pelas associa\u00e7\u00f5es filiadas \u00e0 Fifa.<\/p>\n<p>Natural de Vit\u00f3ria da Conquista (BA), Ednaldo Rodrigues \u00e9 o primeiro dirigente negro a comandar a CBF, fundada h\u00e1 108 anos. Desde que assumiu o cargo,\u00a0Rodrigues intensificou o combate ao racismo e ao preconceito\u00a0no futebol. Em fevereiro, a entidade adotou o\u00a0<a href=\"https:\/\/www.cbf.com.br\/futebol-brasileiro\/noticias\/campeonato-brasileiro-serie-a\/racismo-sera-punido-com-pena-esportiva-no-futebol-brasileiro\">Regulamento Geral de Competi\u00e7\u00f5es\u00a0<\/a>que prev\u00ea a puni\u00e7\u00e3o \u2013 perda de pontos nos campeonatos &#8211; para os clubes em caso de atitudes discriminat\u00f3rias.<\/p>\n<p>&#8216;\u00c9 uma grata coincid\u00eancia ter sido eleito em um evento na \u00c1frica. Me faz voltar \u00e0s minhas origens e me deixa mais forte para encarar os novos desafios&#8221;, afirmou Rodrigues durante a cerim\u00f4nia de posse no Conselho da Fifa.<\/p>\n<p><span style=\"font-weight: 400;\">Fonte: Ag\u00eancia Brasil <\/span><\/p>\n","protected":false},"excerpt":{"rendered":"<p>Ap\u00f3s hiato de sete anos, o Brasil est\u00e1 de volta ao Conselho da Fifa, a mais alta inst\u00e2ncia de tomadas de decis\u00f5es da entidade. Ednaldo Rodrigues, presidente da Confedera\u00e7\u00e3o Brasileira de Futebol (CBF) tomou posse nesta quinta-feira (16), durante o 73\u00ba Congresso da Fifa, que reelegeu pela terceira vez Gianni Infantino para o\u00a0mandato de presidente [&hellip;]<\/p>\n","protected":false},"author":246,"featured_media":211507,"comment_status":"closed","ping_status":"closed","sticky":false,"template":"","format":"standard","meta":{"footnotes":""},"categories":[436,257,439],"tags":[],"class_list":["post-211506","post","type-post","status-publish","format-standard","has-post-thumbnail","hentry","category-destaque-da-semana","category-esporte","category-ultima-hora"],"_links":{"self":[{"href":"https:\/\/diarioregionaldigital.com.br\/index.php?rest_route=\/wp\/v2\/posts\/211506","targetHints":{"allow":["GET"]}}],"collection":[{"href":"https:\/\/diarioregionaldigital.com.br\/index.php?rest_route=\/wp\/v2\/posts"}],"about":[{"href":"https:\/\/diarioregionaldigital.com.br\/index.php?rest_route=\/wp\/v2\/types\/post"}],"author":[{"embeddable":true,"href":"https:\/\/diarioregionaldigital.com.br\/index.php?rest_route=\/wp\/v2\/users\/246"}],"replies":[{"embeddable":true,"href":"https:\/\/diarioregionaldigital.com.br\/index.php?rest_route=%2Fwp%2Fv2%2Fcomments&post=211506"}],"version-history":[{"count":1,"href":"https:\/\/diarioregionaldigital.com.br\/index.php?rest_route=\/wp\/v2\/posts\/211506\/revisions"}],"predecessor-version":[{"id":211508,"href":"https:\/\/diarioregionaldigital.com.br\/index.php?rest_route=\/wp\/v2\/posts\/211506\/revisions\/211508"}],"wp:featuredmedia":[{"embeddable":true,"href":"https:\/\/diarioregionaldigital.com.br\/index.php?rest_route=\/wp\/v2\/media\/211507"}],"wp:attachment":[{"href":"https:\/\/diarioregionaldigital.com.br\/index.php?rest_route=%2Fwp%2Fv2%2Fmedia&parent=211506"}],"wp:term":[{"taxonomy":"category","embeddable":true,"href":"https:\/\/diarioregionaldigital.com.br\/index.php?rest_route=%2Fwp%2Fv2%2Fcategories&post=211506"},{"taxonomy":"post_tag","embeddable":true,"href":"https:\/\/diarioregionaldigital.com.br\/index.php?rest_route=%2Fwp%2Fv2%2Ftags&post=211506"}],"curies":[{"name":"wp","href":"https:\/\/api.w.org\/{rel}","templated":true}]}}