{"id":211496,"date":"2023-03-16T18:36:58","date_gmt":"2023-03-16T21:36:58","guid":{"rendered":"https:\/\/diarioregionaldigital.com.br\/?p=211496"},"modified":"2023-03-16T18:36:58","modified_gmt":"2023-03-16T21:36:58","slug":"camara-aprova-projeto-que-incentiva-a-adocao-de-animais","status":"publish","type":"post","link":"https:\/\/diarioregionaldigital.com.br\/?p=211496","title":{"rendered":"C\u00e2mara aprova projeto que incentiva a ado\u00e7\u00e3o de animais"},"content":{"rendered":"<p>Os\u00a0<em>pet shops<\/em>, cl\u00ednicas veterin\u00e1rias e estabelecimentos semelhantes podem ter que fixar em suas instala\u00e7\u00f5es cartazes que facilitem e incentivem a ado\u00e7\u00e3o de animais dom\u00e9sticos. O\u00a0<a href=\"https:\/\/www.camara.leg.br\/proposicoesWeb\/fichadetramitacao?idProposicao=2193481\" target=\"_blank\" rel=\"noopener\">Projeto de Lei 50\/19<\/a>\u00a0que prev\u00ea a medida foi aprovado nesta quinta-feira (16) pela C\u00e2mara dos Deputados, e agora seguir\u00e1 para an\u00e1lise do Senado.<img decoding=\"async\" src=\"https:\/\/agenciabrasil.ebc.com.br\/ebc.png?id=1516811&amp;o=node\" \/><img decoding=\"async\" src=\"https:\/\/agenciabrasil.ebc.com.br\/ebc.gif?id=1516811&amp;o=node\" \/><\/p>\n<p>De acordo com o texto aprovado, o cartaz dever\u00e1 conter o nome da institui\u00e7\u00e3o respons\u00e1vel pela oferta (ONG ou entidade defensora dos animais), telefone e e-mail para contato e informa\u00e7\u00f5es sobre a import\u00e2ncia da ado\u00e7\u00e3o respons\u00e1vel de animais e os seus benef\u00edcios.<\/p>\n<p>Os animais dever\u00e3o ser entregues para a ado\u00e7\u00e3o vacinados e vermifugados, cabendo os custos aos adotantes ou \u00e0s institui\u00e7\u00f5es respons\u00e1veis pela ado\u00e7\u00e3o.<\/p>\n<p>Segundo o autor da proposta, deputado Fred Costa (Patriota-MG), o objetivo \u00e9 reduzir o n\u00famero de animais abandonados nas ruas, sujeitos \u00e0 viol\u00eancia humana, \u00e0 incid\u00eancia de zoonoses e acidentes de tr\u00e2nsito.<\/p>\n<p><span style=\"font-weight: 400;\">Fonte: Ag\u00eancia Brasil <\/span><\/p>\n","protected":false},"excerpt":{"rendered":"<p>Os\u00a0pet shops, cl\u00ednicas veterin\u00e1rias e estabelecimentos semelhantes podem ter que fixar em suas instala\u00e7\u00f5es cartazes que facilitem e incentivem a ado\u00e7\u00e3o de animais dom\u00e9sticos. O\u00a0Projeto de Lei 50\/19\u00a0que prev\u00ea a medida foi aprovado nesta quinta-feira (16) pela C\u00e2mara dos Deputados, e agora seguir\u00e1 para an\u00e1lise do Senado. De acordo com o texto aprovado, o cartaz [&hellip;]<\/p>\n","protected":false},"author":246,"featured_media":211497,"comment_status":"closed","ping_status":"closed","sticky":false,"template":"","format":"standard","meta":{"footnotes":""},"categories":[436,254,439],"tags":[],"class_list":["post-211496","post","type-post","status-publish","format-standard","has-post-thumbnail","hentry","category-destaque-da-semana","category-politica","category-ultima-hora"],"_links":{"self":[{"href":"https:\/\/diarioregionaldigital.com.br\/index.php?rest_route=\/wp\/v2\/posts\/211496","targetHints":{"allow":["GET"]}}],"collection":[{"href":"https:\/\/diarioregionaldigital.com.br\/index.php?rest_route=\/wp\/v2\/posts"}],"about":[{"href":"https:\/\/diarioregionaldigital.com.br\/index.php?rest_route=\/wp\/v2\/types\/post"}],"author":[{"embeddable":true,"href":"https:\/\/diarioregionaldigital.com.br\/index.php?rest_route=\/wp\/v2\/users\/246"}],"replies":[{"embeddable":true,"href":"https:\/\/diarioregionaldigital.com.br\/index.php?rest_route=%2Fwp%2Fv2%2Fcomments&post=211496"}],"version-history":[{"count":2,"href":"https:\/\/diarioregionaldigital.com.br\/index.php?rest_route=\/wp\/v2\/posts\/211496\/revisions"}],"predecessor-version":[{"id":211499,"href":"https:\/\/diarioregionaldigital.com.br\/index.php?rest_route=\/wp\/v2\/posts\/211496\/revisions\/211499"}],"wp:featuredmedia":[{"embeddable":true,"href":"https:\/\/diarioregionaldigital.com.br\/index.php?rest_route=\/wp\/v2\/media\/211497"}],"wp:attachment":[{"href":"https:\/\/diarioregionaldigital.com.br\/index.php?rest_route=%2Fwp%2Fv2%2Fmedia&parent=211496"}],"wp:term":[{"taxonomy":"category","embeddable":true,"href":"https:\/\/diarioregionaldigital.com.br\/index.php?rest_route=%2Fwp%2Fv2%2Fcategories&post=211496"},{"taxonomy":"post_tag","embeddable":true,"href":"https:\/\/diarioregionaldigital.com.br\/index.php?rest_route=%2Fwp%2Fv2%2Ftags&post=211496"}],"curies":[{"name":"wp","href":"https:\/\/api.w.org\/{rel}","templated":true}]}}