{"id":211491,"date":"2023-03-16T18:35:14","date_gmt":"2023-03-16T21:35:14","guid":{"rendered":"https:\/\/diarioregionaldigital.com.br\/?p=211491"},"modified":"2023-03-16T18:35:14","modified_gmt":"2023-03-16T21:35:14","slug":"senado-aprova-acordo-de-servico-aereo-entre-brasil-e-ilhas-seychelles","status":"publish","type":"post","link":"https:\/\/diarioregionaldigital.com.br\/?p=211491","title":{"rendered":"Senado aprova acordo de servi\u00e7o a\u00e9reo entre Brasil e Ilhas Seychelles"},"content":{"rendered":"<p>O plen\u00e1rio do Senado aprovou nesta quinta-feira (16) o\u00a0<a href=\"https:\/\/www25.senado.leg.br\/web\/atividade\/materias\/-\/materia\/153645\" target=\"_blank\" rel=\"noopener\">Projeto de Decreto Legislativo (PDL) 255\/2022<\/a>\u00a0que acata o texto do Acordo sobre Servi\u00e7os A\u00e9reos entre o Brasil e as Ilhas Seychelles. O texto segue para promulga\u00e7\u00e3o.<img decoding=\"async\" src=\"https:\/\/agenciabrasil.ebc.com.br\/ebc.png?id=1516818&amp;o=node\" \/><img decoding=\"async\" src=\"https:\/\/agenciabrasil.ebc.com.br\/ebc.gif?id=1516818&amp;o=node\" \/><\/p>\n<p>Na pr\u00e1tica, o projeto trata da concess\u00e3o de direitos como sobrevoar o territ\u00f3rio do outro pa\u00eds sem pousar; fazer escalas no territ\u00f3rio do outro pa\u00eds, para fins n\u00e3o comerciais e fazer escalas nos pontos das rotas especificadas no quadro de rotas acordado conjuntamente pelas autoridades aeron\u00e1uticas de ambos os pa\u00edses.<\/p>\n<p>Cada parte ter\u00e1 o direito de indicar por escrito, pela via diplom\u00e1tica, uma ou mais empresas a\u00e9reas para operar os servi\u00e7os acordados, bem como de revogar ou alterar essa designa\u00e7\u00e3o.<\/p>\n<h2>Tarifas<\/h2>\n<p>Ainda conforme o acordo, nenhum dos pa\u00edses cobrar\u00e1 ou permitir\u00e1 que sejam cobradas das empresas a\u00e9reas designadas pelo outro, tarifas aeron\u00e1uticas superiores \u00e0s cobradas de suas pr\u00f3prias empresas a\u00e9reas.<\/p>\n<p>O texto prev\u00ea tamb\u00e9m que cada pa\u00eds, com base na reciprocidade de tratamento, isentar\u00e1 de impostos e taxas a empresa a\u00e9rea designada, no maior grau poss\u00edvel em conformidade com sua legisla\u00e7\u00e3o nacional vigente.<\/p>\n<p>Al\u00e9m disso, os dois pa\u00edses permitir\u00e3o que a empresa a\u00e9rea designada determine a frequ\u00eancia e a capacidade dos servi\u00e7os de transporte a\u00e9reo internacional a ser ofertada, baseando-se em considera\u00e7\u00f5es comerciais pr\u00f3prias do mercado.<\/p>\n<h2>Hist\u00f3rico<\/h2>\n<p>Localizado no Oceano \u00cdndico, na costa leste da \u00c1frica, o arquip\u00e9lago de\u00a0 Seychelles \u00e9 formado por 115 ilhas. O objetivo do acordo, segundo a exposi\u00e7\u00e3o de motivos do Executivo, \u00e9 &#8220;incrementar os la\u00e7os de amizade, entendimento e coopera\u00e7\u00e3o entre os dois pa\u00edses signat\u00e1rios\u201d na expectativa de se estabelecer um novo marco legal para a opera\u00e7\u00e3o de servi\u00e7os a\u00e9reos entre os territ\u00f3rios dos dois pa\u00edses.<\/p>\n<p>Ainda conforme a explica\u00e7\u00e3o do governo, a parceria vai contribuir para o avan\u00e7o das rela\u00e7\u00f5es bilaterais nas esferas do com\u00e9rcio, do turismo e da coopera\u00e7\u00e3o entre as duas partes.<\/p>\n<p><span style=\"font-weight: 400;\">Fonte: Ag\u00eancia Brasil <\/span><\/p>\n","protected":false},"excerpt":{"rendered":"<p>O plen\u00e1rio do Senado aprovou nesta quinta-feira (16) o\u00a0Projeto de Decreto Legislativo (PDL) 255\/2022\u00a0que acata o texto do Acordo sobre Servi\u00e7os A\u00e9reos entre o Brasil e as Ilhas Seychelles. O texto segue para promulga\u00e7\u00e3o. Na pr\u00e1tica, o projeto trata da concess\u00e3o de direitos como sobrevoar o territ\u00f3rio do outro pa\u00eds sem pousar; fazer escalas no [&hellip;]<\/p>\n","protected":false},"author":246,"featured_media":211492,"comment_status":"closed","ping_status":"closed","sticky":false,"template":"","format":"standard","meta":{"footnotes":""},"categories":[436,254,439],"tags":[],"class_list":["post-211491","post","type-post","status-publish","format-standard","has-post-thumbnail","hentry","category-destaque-da-semana","category-politica","category-ultima-hora"],"_links":{"self":[{"href":"https:\/\/diarioregionaldigital.com.br\/index.php?rest_route=\/wp\/v2\/posts\/211491","targetHints":{"allow":["GET"]}}],"collection":[{"href":"https:\/\/diarioregionaldigital.com.br\/index.php?rest_route=\/wp\/v2\/posts"}],"about":[{"href":"https:\/\/diarioregionaldigital.com.br\/index.php?rest_route=\/wp\/v2\/types\/post"}],"author":[{"embeddable":true,"href":"https:\/\/diarioregionaldigital.com.br\/index.php?rest_route=\/wp\/v2\/users\/246"}],"replies":[{"embeddable":true,"href":"https:\/\/diarioregionaldigital.com.br\/index.php?rest_route=%2Fwp%2Fv2%2Fcomments&post=211491"}],"version-history":[{"count":2,"href":"https:\/\/diarioregionaldigital.com.br\/index.php?rest_route=\/wp\/v2\/posts\/211491\/revisions"}],"predecessor-version":[{"id":211494,"href":"https:\/\/diarioregionaldigital.com.br\/index.php?rest_route=\/wp\/v2\/posts\/211491\/revisions\/211494"}],"wp:featuredmedia":[{"embeddable":true,"href":"https:\/\/diarioregionaldigital.com.br\/index.php?rest_route=\/wp\/v2\/media\/211492"}],"wp:attachment":[{"href":"https:\/\/diarioregionaldigital.com.br\/index.php?rest_route=%2Fwp%2Fv2%2Fmedia&parent=211491"}],"wp:term":[{"taxonomy":"category","embeddable":true,"href":"https:\/\/diarioregionaldigital.com.br\/index.php?rest_route=%2Fwp%2Fv2%2Fcategories&post=211491"},{"taxonomy":"post_tag","embeddable":true,"href":"https:\/\/diarioregionaldigital.com.br\/index.php?rest_route=%2Fwp%2Fv2%2Ftags&post=211491"}],"curies":[{"name":"wp","href":"https:\/\/api.w.org\/{rel}","templated":true}]}}