{"id":211479,"date":"2023-03-16T18:27:24","date_gmt":"2023-03-16T21:27:24","guid":{"rendered":"https:\/\/diarioregionaldigital.com.br\/?p=211479"},"modified":"2023-03-16T18:27:24","modified_gmt":"2023-03-16T21:27:24","slug":"governo-indica-novos-candidatos-para-conselhos-da-petrobras","status":"publish","type":"post","link":"https:\/\/diarioregionaldigital.com.br\/?p=211479","title":{"rendered":"Governo indica novos candidatos para conselhos da Petrobras"},"content":{"rendered":"<p>O Minist\u00e9rio de Minas e Energia enviou \u00e0 Petrobras os nomes de mais sete candidatos que v\u00e3o concorrer aos conselhos de Administra\u00e7\u00e3o (CA) e Fiscal (CF) da Petrobras. Para o CA, foram indicados Renato Campos Galuppo, Anelize Lenzi Ruas de Almeida e Evamar Jos\u00e9 dos Santos.<img decoding=\"async\" src=\"https:\/\/agenciabrasil.ebc.com.br\/ebc.png?id=1516758&amp;o=node\" \/><img decoding=\"async\" src=\"https:\/\/agenciabrasil.ebc.com.br\/ebc.gif?id=1516758&amp;o=node\" \/><\/p>\n<p>O governo j\u00e1 tinha indicado, em 8 de mar\u00e7o, oito nomes para oito vagas destinadas \u00e0 Uni\u00e3o no CA: Pietro Adamo Sampaio Mendes (candidato a presidente do CA), Jean Paul Prates (presidente da estatal), Carlos Eduardo Turchetto Santos, Vitor Eduardo Saback, Eug\u00eanio Tiago Chagas Cordeiro e Teixeira, Wagner Victer, Sergio Machado e Suzana Kahn.<\/p>\n<p>No entanto, para sejam considerados candidatos na Assembleia Geral de Acionistas, os nomes precisam passar pelos \u00f3rg\u00e3os de governan\u00e7a interna da Petrobras, onde s\u00e3o analisados requisitos legais e de gest\u00e3o e integridade.<\/p>\n<p>Nesse processo, podem ser constatados impedimentos para que os indicados integrem os conselhos da empresa. Para evitar que haja um atraso na realiza\u00e7\u00e3o da assembleia, a Uni\u00e3o enviou o nome de mais tr\u00eas indicados que possam substituir poss\u00edveis impedidos na lista original.<\/p>\n<p>Renato Galuppo \u00e9 advogado e foi assessor jur\u00eddico da C\u00e2mara dos Deputados de 2007 a 2021. Anelize de Almeida tamb\u00e9m \u00e9 bacharel em Direito e atua na Procuradoria-Geral da Fazenda Nacional desde 2006, tendo assumido o cargo de procuradora-geral em janeiro deste ano. J\u00e1 Evamar Jos\u00e9 dos Santos \u00e9 formado em Administra\u00e7\u00e3o de Empresas e foi servidor da Assembleia Legislativa de Minas Gerais por 37 anos, onde chegou ao cargo de diretor-geral adjunto.<\/p>\n<h2>Conselho Fiscal<\/h2>\n<p>Para o CF, foram indicados Daniel Cabaleiro Saldanha e Cristina Bueno Camatta, como membros titulares, e de Gustavo Gon\u00e7alves Manfrim e Sidnei Bispo, como suplentes.<\/p>\n<p>Daniel Saldanha, procurador do estado de Minas Gerais, foi subsecret\u00e1rio estadual de Rela\u00e7\u00f5es Institucionais e procurador chefe da Procuradoria de Demandas Estrat\u00e9gicas. Cristina Camatta, delegada da Pol\u00edcia Federal (PF), \u00e9 chefe da Comunica\u00e7\u00e3o Social da Superintend\u00eancia da PF em Minas Gerais e chefe substituta da representa\u00e7\u00e3o da Interpol no estado.<\/p>\n<p>Entre os suplentes, Gustavo Manfrim \u00e9 economista e atua como assessor especial de assuntos econ\u00f4micos do Minist\u00e9rio de Minas e Energia, enquanto Sidnei Bispo \u00e9 engenheiro eletr\u00f4nico e j\u00e1 esteve nos conselhos de administra\u00e7\u00e3o e fiscal de diversas empresas.<\/p>\n<p><span style=\"font-weight: 400;\">\u00a0<\/span><span style=\"font-weight: 400;\"><br \/>\n<\/span><span style=\"font-weight: 400;\">Fonte: Ag\u00eancia Brasil <\/span><\/p>\n","protected":false},"excerpt":{"rendered":"<p>O Minist\u00e9rio de Minas e Energia enviou \u00e0 Petrobras os nomes de mais sete candidatos que v\u00e3o concorrer aos conselhos de Administra\u00e7\u00e3o (CA) e Fiscal (CF) da Petrobras. Para o CA, foram indicados Renato Campos Galuppo, Anelize Lenzi Ruas de Almeida e Evamar Jos\u00e9 dos Santos. O governo j\u00e1 tinha indicado, em 8 de mar\u00e7o, [&hellip;]<\/p>\n","protected":false},"author":246,"featured_media":211480,"comment_status":"closed","ping_status":"closed","sticky":false,"template":"","format":"standard","meta":{"footnotes":""},"categories":[436,261,439],"tags":[],"class_list":["post-211479","post","type-post","status-publish","format-standard","has-post-thumbnail","hentry","category-destaque-da-semana","category-economia","category-ultima-hora"],"_links":{"self":[{"href":"https:\/\/diarioregionaldigital.com.br\/index.php?rest_route=\/wp\/v2\/posts\/211479","targetHints":{"allow":["GET"]}}],"collection":[{"href":"https:\/\/diarioregionaldigital.com.br\/index.php?rest_route=\/wp\/v2\/posts"}],"about":[{"href":"https:\/\/diarioregionaldigital.com.br\/index.php?rest_route=\/wp\/v2\/types\/post"}],"author":[{"embeddable":true,"href":"https:\/\/diarioregionaldigital.com.br\/index.php?rest_route=\/wp\/v2\/users\/246"}],"replies":[{"embeddable":true,"href":"https:\/\/diarioregionaldigital.com.br\/index.php?rest_route=%2Fwp%2Fv2%2Fcomments&post=211479"}],"version-history":[{"count":1,"href":"https:\/\/diarioregionaldigital.com.br\/index.php?rest_route=\/wp\/v2\/posts\/211479\/revisions"}],"predecessor-version":[{"id":211481,"href":"https:\/\/diarioregionaldigital.com.br\/index.php?rest_route=\/wp\/v2\/posts\/211479\/revisions\/211481"}],"wp:featuredmedia":[{"embeddable":true,"href":"https:\/\/diarioregionaldigital.com.br\/index.php?rest_route=\/wp\/v2\/media\/211480"}],"wp:attachment":[{"href":"https:\/\/diarioregionaldigital.com.br\/index.php?rest_route=%2Fwp%2Fv2%2Fmedia&parent=211479"}],"wp:term":[{"taxonomy":"category","embeddable":true,"href":"https:\/\/diarioregionaldigital.com.br\/index.php?rest_route=%2Fwp%2Fv2%2Fcategories&post=211479"},{"taxonomy":"post_tag","embeddable":true,"href":"https:\/\/diarioregionaldigital.com.br\/index.php?rest_route=%2Fwp%2Fv2%2Ftags&post=211479"}],"curies":[{"name":"wp","href":"https:\/\/api.w.org\/{rel}","templated":true}]}}