{"id":211473,"date":"2023-03-16T03:03:59","date_gmt":"2023-03-16T06:03:59","guid":{"rendered":"https:\/\/diarioregionaldigital.com.br\/?p=211473"},"modified":"2023-03-16T03:03:59","modified_gmt":"2023-03-16T06:03:59","slug":"palavras-comovem-testemunhos-arrastam-16-03-2023","status":"publish","type":"post","link":"https:\/\/diarioregionaldigital.com.br\/?p=211473","title":{"rendered":"Palavras Comovem Testemunhos Arrastam &#8211; 16\/03\/2023"},"content":{"rendered":"<p>Meu caro leitor \u00e9 com alegria que novamente estamos chegando at\u00e9 voc\u00ea para mais uma edi\u00e7\u00e3o de palavras comovem mas testemunhos arrastam. Bem sei de sua expectativa para ler os testemunhos aqui apresentados. Hoje teremos dois belos testemunhos vamos ao primeiro: Testemunho Pro Dia 15: Boa noite.<\/p>\n<p>Sua b\u00ean\u00e7\u00e3o padre Erelis. o senhor se lembra que no m\u00eas de dezembro liguei pro senhor pedindo pra rezar pra meu irm\u00e3o que iria fazer uma cirurgia na perna e no momento da b\u00ean\u00e7\u00e3o o senhor disse que tinha certeza que ia dar tudo certo. Hoje\u00a0 venho para agradecer\u00a0 sua b\u00ean\u00e7\u00e3o pro meu irm\u00e3o. Ele j\u00e1 est\u00e1 em casa se recuperando bem da cirurgia da perna que gra\u00e7as a Deus foi um sucesso j\u00e1 est\u00e1 andando por\u00e9m de bengala.<\/p>\n<p>Deus lhe recompense por nos fortalecer com sua f\u00e9 e ora\u00e7\u00f5es. Vamos ao segundo.<\/p>\n<p>Bom dia Padre Erelis Hoje venho agradecer ao senhor a grande gra\u00e7a alcan\u00e7ada pela intercess\u00e3o de s\u00e3o Judas Tadeu no m\u00eas de novembro consegui um emprego onde era exigido a carteira de motorista.\u00a0 a\u00ed ele me contrataram mas com o prop\u00f3sito se at\u00e9 o fim dos noventa dias do per\u00edodo de experi\u00eancia\u00a0 eu tive com a carteira eu seria contratado. Liguei pro senhor pedindo uma b\u00ean\u00e7\u00e3o e o senhor mandou a ora\u00e7\u00e3o de s\u00e3o Judas Tadeu pra mim e disse que era pra eu fazer uma quarentena a s\u00e3o Judas Tadeu que eu conseguiria a carteira e assim comecei a quarentena e gra\u00e7as a Deus eu consegui passar no primeiro exame e aos 70 dias de trabalho j\u00e1 estava com a carteira em m\u00e3os e no Distrito 10 de fevereiro tive minha carteira assinada estou trabalhando, muito obrigado pela sua ora\u00e7\u00e3o e por ser um homem de f\u00e9 a nos conduzir nos caminhos de Deus.<\/p>\n<p>Vejam como Deus age na vida das pessoas<\/p>\n<p>Convido voc\u00ea para participar da missa\u00a0 de S\u00e3o Judas Tadeu das causas imposs\u00edveis clamando a miseric\u00f3rdia de Jesus por sa\u00fade e liberta\u00e7\u00e3o todas quartas\u00a0 \u00e0s 19 e 30 na Rodovi\u00e1ria ao lado da imagem de Nossa Senhora\u00a0 Rosa M\u00edstica e do ter\u00e7o todos os dias\u00a0 \u00e0s 12; 15h; \u00e0s\u00a0 20e30h; \u00e0s 22h pelo Youtube e Facebook do santu\u00e1rio virtual S\u00e3o Judas Tadeu. svsaojudastadeu.com; \u00e0s 06h ; \u00e0s 10 e 23h pelo Whatzaap; Deixo o n\u00famero do meu celular para me ligarem quando precisar de uma ora\u00e7\u00e3o 988652609 se eu n\u00e3o atender na hora, retornarei assim que eu ver a liga\u00e7\u00e3o.<\/p>\n","protected":false},"excerpt":{"rendered":"<p>Meu caro leitor \u00e9 com alegria que novamente estamos chegando at\u00e9 voc\u00ea para mais uma edi\u00e7\u00e3o de palavras comovem mas testemunhos arrastam. Bem sei de sua expectativa para ler os testemunhos aqui apresentados. Hoje teremos dois belos testemunhos vamos ao primeiro: Testemunho Pro Dia 15: Boa noite. Sua b\u00ean\u00e7\u00e3o padre Erelis. o senhor se lembra [&hellip;]<\/p>\n","protected":false},"author":96,"featured_media":0,"comment_status":"closed","ping_status":"closed","sticky":false,"template":"","format":"standard","meta":{"footnotes":""},"categories":[1245],"tags":[],"class_list":["post-211473","post","type-post","status-publish","format-standard","hentry","category-padre-erelis"],"_links":{"self":[{"href":"https:\/\/diarioregionaldigital.com.br\/index.php?rest_route=\/wp\/v2\/posts\/211473","targetHints":{"allow":["GET"]}}],"collection":[{"href":"https:\/\/diarioregionaldigital.com.br\/index.php?rest_route=\/wp\/v2\/posts"}],"about":[{"href":"https:\/\/diarioregionaldigital.com.br\/index.php?rest_route=\/wp\/v2\/types\/post"}],"author":[{"embeddable":true,"href":"https:\/\/diarioregionaldigital.com.br\/index.php?rest_route=\/wp\/v2\/users\/96"}],"replies":[{"embeddable":true,"href":"https:\/\/diarioregionaldigital.com.br\/index.php?rest_route=%2Fwp%2Fv2%2Fcomments&post=211473"}],"version-history":[{"count":1,"href":"https:\/\/diarioregionaldigital.com.br\/index.php?rest_route=\/wp\/v2\/posts\/211473\/revisions"}],"predecessor-version":[{"id":211474,"href":"https:\/\/diarioregionaldigital.com.br\/index.php?rest_route=\/wp\/v2\/posts\/211473\/revisions\/211474"}],"wp:attachment":[{"href":"https:\/\/diarioregionaldigital.com.br\/index.php?rest_route=%2Fwp%2Fv2%2Fmedia&parent=211473"}],"wp:term":[{"taxonomy":"category","embeddable":true,"href":"https:\/\/diarioregionaldigital.com.br\/index.php?rest_route=%2Fwp%2Fv2%2Fcategories&post=211473"},{"taxonomy":"post_tag","embeddable":true,"href":"https:\/\/diarioregionaldigital.com.br\/index.php?rest_route=%2Fwp%2Fv2%2Ftags&post=211473"}],"curies":[{"name":"wp","href":"https:\/\/api.w.org\/{rel}","templated":true}]}}