{"id":211466,"date":"2023-03-15T22:07:41","date_gmt":"2023-03-16T01:07:41","guid":{"rendered":"https:\/\/diarioregionaldigital.com.br\/?p=211466"},"modified":"2023-03-15T22:07:41","modified_gmt":"2023-03-16T01:07:41","slug":"prefeitura-realiza-pavimentacao-de-ponte-no-distrito-de-monte-verde-nesta-quarta-15","status":"publish","type":"post","link":"https:\/\/diarioregionaldigital.com.br\/?p=211466","title":{"rendered":"Prefeitura realiza pavimenta\u00e7\u00e3o de ponte no distrito de Monte Verde nesta quarta, 15"},"content":{"rendered":"<p>Segundo informa\u00e7\u00f5es do site da Prefeitura de Juiz de Fora (PJF), o Programa Boniteza, da Prefeitura de Juiz de Fora (PJF), segue atuando por toda a cidade com a\u00e7\u00f5es de melhoria da mobilidade urbana. Nesta quarta-feira, 15, equipes da PJF estiveram no distrito de Monte Verde para realizar a pavimenta\u00e7\u00e3o asf\u00e1ltica da ponte do distrito, uma das principais vias de acesso \u00e0 localidade.<\/p>\n<p>No total, foram pavimentados 40 metros de extens\u00e3o da ponte, cobrindo uma \u00e1rea total de cerca de 280m2. Os trabalhos foram iniciados pela manh\u00e3 e conclu\u00eddos na tarde desta quarta-feira.<\/p>\n<p>Com o novo pavimento, moradores e motoristas que precisam atravessar a ponte contar\u00e3o com um tr\u00e2nsito mais fluido e seguro, principalmente durante o per\u00edodo chuvoso, tendo em vista que o asfalto impede o ac\u00famulo de barro e a forma\u00e7\u00e3o de po\u00e7as d\u2019\u00e1gua.<\/p>\n<p>As atividades da Empresa Municipal de Pavimenta\u00e7\u00e3o e Urbanidades (Empav) seguem em andamento em diversos pontos da cidade. A programa\u00e7\u00e3o di\u00e1ria completa pode ser conferida atrav\u00e9s da p\u00e1gina do Gabinete de A\u00e7\u00e3o e Di\u00e1logo Comunit\u00e1rio, pelo<a href=\"https:\/\/www.pjf.mg.gov.br\/gabinetecomunitario\/#onde\">\u00a0link<\/a>.\u00a0Para solicitar servi\u00e7os de zeladoria em vias p\u00fablicas, como tapa-buracos, poda e corte de \u00e1rvores, limpeza de pra\u00e7as e outros, entre em contato com o Gabinete de A\u00e7\u00e3o e Di\u00e1logo Comunit\u00e1rio, atrav\u00e9s do telefone (32) 3690-7241 (liga\u00e7\u00e3o ou WhatsApp).<\/p>\n","protected":false},"excerpt":{"rendered":"<p>Segundo informa\u00e7\u00f5es do site da Prefeitura de Juiz de Fora (PJF), o Programa Boniteza, da Prefeitura de Juiz de Fora (PJF), segue atuando por toda a cidade com a\u00e7\u00f5es de melhoria da mobilidade urbana. Nesta quarta-feira, 15, equipes da PJF estiveram no distrito de Monte Verde para realizar a pavimenta\u00e7\u00e3o asf\u00e1ltica da ponte do distrito, [&hellip;]<\/p>\n","protected":false},"author":246,"featured_media":211467,"comment_status":"closed","ping_status":"closed","sticky":false,"template":"","format":"standard","meta":{"footnotes":""},"categories":[253,436,439],"tags":[],"class_list":["post-211466","post","type-post","status-publish","format-standard","has-post-thumbnail","hentry","category-cidade","category-destaque-da-semana","category-ultima-hora"],"_links":{"self":[{"href":"https:\/\/diarioregionaldigital.com.br\/index.php?rest_route=\/wp\/v2\/posts\/211466","targetHints":{"allow":["GET"]}}],"collection":[{"href":"https:\/\/diarioregionaldigital.com.br\/index.php?rest_route=\/wp\/v2\/posts"}],"about":[{"href":"https:\/\/diarioregionaldigital.com.br\/index.php?rest_route=\/wp\/v2\/types\/post"}],"author":[{"embeddable":true,"href":"https:\/\/diarioregionaldigital.com.br\/index.php?rest_route=\/wp\/v2\/users\/246"}],"replies":[{"embeddable":true,"href":"https:\/\/diarioregionaldigital.com.br\/index.php?rest_route=%2Fwp%2Fv2%2Fcomments&post=211466"}],"version-history":[{"count":1,"href":"https:\/\/diarioregionaldigital.com.br\/index.php?rest_route=\/wp\/v2\/posts\/211466\/revisions"}],"predecessor-version":[{"id":211468,"href":"https:\/\/diarioregionaldigital.com.br\/index.php?rest_route=\/wp\/v2\/posts\/211466\/revisions\/211468"}],"wp:featuredmedia":[{"embeddable":true,"href":"https:\/\/diarioregionaldigital.com.br\/index.php?rest_route=\/wp\/v2\/media\/211467"}],"wp:attachment":[{"href":"https:\/\/diarioregionaldigital.com.br\/index.php?rest_route=%2Fwp%2Fv2%2Fmedia&parent=211466"}],"wp:term":[{"taxonomy":"category","embeddable":true,"href":"https:\/\/diarioregionaldigital.com.br\/index.php?rest_route=%2Fwp%2Fv2%2Fcategories&post=211466"},{"taxonomy":"post_tag","embeddable":true,"href":"https:\/\/diarioregionaldigital.com.br\/index.php?rest_route=%2Fwp%2Fv2%2Ftags&post=211466"}],"curies":[{"name":"wp","href":"https:\/\/api.w.org\/{rel}","templated":true}]}}