{"id":211462,"date":"2023-03-15T22:05:37","date_gmt":"2023-03-16T01:05:37","guid":{"rendered":"https:\/\/diarioregionaldigital.com.br\/?p=211462"},"modified":"2023-03-15T22:05:37","modified_gmt":"2023-03-16T01:05:37","slug":"prefeita-realiza-abertura-da-capacitacao-de-seguranca-alimentar-e-nutricional","status":"publish","type":"post","link":"https:\/\/diarioregionaldigital.com.br\/?p=211462","title":{"rendered":"Prefeita realiza abertura da Capacita\u00e7\u00e3o de Seguran\u00e7a Alimentar e Nutricional"},"content":{"rendered":"<p>Segundo informa\u00e7\u00f5es do site da Prefeitura de Juiz de Fora (PJF), a PJF iniciou nesta quarta-feira, 15, a primeira capacita\u00e7\u00e3o de Seguran\u00e7a Alimentar e Nutricional do munic\u00edpio. A mesa de abertura contou com a presen\u00e7a da prefeita Margarida Salom\u00e3o, dos secret\u00e1rios que comp\u00f5em a C\u00e2mara Intersetorial de Seguran\u00e7a Alimentar (Caisan\/JF), e do deputado federal Patrus Ananias.<br \/>\n\u201cQuando iniciamos o governo, uma das pautas que me comprometi a trabalhar foi o combate \u00e0 fome. Desde ent\u00e3o, n\u00f3s estamos estimulando a produ\u00e7\u00e3o de alimentos, trabalhando com a\u00e7\u00f5es emergenciais para alimentar quem tem fome, melhorando a alimenta\u00e7\u00e3o escolar e socioassistencial. Afinal de contas, alimentar \u00e9 um direito humano, princ\u00edpio basilar, e precisamos entender que esse esfor\u00e7o de garantir a alimenta\u00e7\u00e3o de qualidade \u00e9 intersetorial, envolve todas as secretarias e que, inclusive, \u00e9 expresso de forma significativa em nosso or\u00e7amento. S\u00f3 na alimenta\u00e7\u00e3o escolar, triplicamos nosso investimento. Esse \u00e9 o nosso desafio, precisamos ter formas de expandir ainda mais nossos recursos e principalmente ter a efetividade das pol\u00edticas implementadas e avaliar se chegou na ponta\u201d, destacou a prefeita.<br \/>\nA secret\u00e1ria de Governo, Cidinha Louzada, falou em nome de todos os secret\u00e1rios que integram o Caisan\/JF. Ela recordou sobre o cuidado da prefeita com as quest\u00f5es de alimenta\u00e7\u00e3o no munic\u00edpio. \u201cA primeira coisa que temos que recordar \u00e9 que esse encontro jamais seria poss\u00edvel se a prefeita n\u00e3o tivesse pensado no cuidado com os vulner\u00e1veis e principalmente na alimenta\u00e7\u00e3o das pessoas, e por isso, recriou a Seapa, com diversas funcionalidades e pap\u00e9is frente ao governo. Essa mudan\u00e7a foi fundamental e incorporou-se em todos os outros secret\u00e1rios. Hoje n\u00f3s estamos abrindo um di\u00e1logo com a sociedade, para trocar experi\u00eancias, e assim capacitar e fazer uma grande transforma\u00e7\u00e3o na sociedade. Precisamos fazer pol\u00edticas p\u00fablicas que ultrapassem qualquer tipo de governo\u201d.<\/p>\n<p>&nbsp;<\/p>\n<p>Em sua fala durante a mesa de abertura, o deputado Patrus Ananias ressaltou que \u201ca alimenta\u00e7\u00e3o \u00e9 o primeiro degrau para exercer os direitos e deveres pol\u00edticos. Agora, com a retomada do Consea Nacional, precisamos retomar, tamb\u00e9m, com todo o empenho, as pol\u00edticas p\u00fablicas de seguran\u00e7a alimentar de forma efetiva, e Juiz de Fora est\u00e1 no caminho certo. Meus parab\u00e9ns a prefeita e todos os envolvidos por pensar e retomar essa pauta em todos os n\u00edveis.\u201d<\/p>\n<p>&nbsp;<\/p>\n<p>Ap\u00f3s a abertura, os pain\u00e9is tiveram in\u00edcio com a presen\u00e7a da professora doutora do Departamento de Nutri\u00e7\u00e3o da UNB e presidente do Consea Nacional,\u00a0<strong>\u00a0<\/strong>Elisabetta Recine, falando sobre \u201cSoberania, Seguran\u00e7a Alimentar e Participa\u00e7\u00e3o Popular\u201d. Logo ap\u00f3s, a professora doutora da UFRJ e pesquisadora da Rede Brasileira de Pesquisa em Soberania e Seguran\u00e7a Alimentar e Nutricional, Rosana Salles-Costa, falou sobre a \u201cInseguran\u00e7a Alimentar no Brasil\u201d.<\/p>\n<p>&nbsp;<\/p>\n<p>Em formato h\u00edbrido, o evento tem dura\u00e7\u00e3o de tr\u00eas dias com encerramento na sexta-feira, 17, com a apresenta\u00e7\u00e3o do Plano Municipal de Seguran\u00e7a Alimentar e Nutricional. A capacita\u00e7\u00e3o \u00e9 voltada para os membros do Conselho Municipal de Seguran\u00e7a Alimentar (Comsea-JF), da C\u00e2mara Intersetorial de Seguran\u00e7a Alimentar e Nutricional\u00a0(Caisan-JF), servidores p\u00fablicos, entidades, organiza\u00e7\u00f5es da sociedade civil que atuam com a popula\u00e7\u00e3o em situa\u00e7\u00e3o de inseguran\u00e7a alimentar e nutricional e para o p\u00fablico em geral interessado no tema. Al\u00e9m da forma presencial, a capacita\u00e7\u00e3o est\u00e1 sendo transmitida ao vivo pelo\u00a0<a href=\"https:\/\/www.youtube.com\/channel\/UCCFqRwASghq4MHn8GWdnxeA\"><strong>Youtube da PJF<\/strong><\/a>.<\/p>\n<p>&nbsp;<\/p>\n<p><strong>Confira a programa\u00e7\u00e3o de quinta-feira, 16 e sexta-feira, 17:<\/strong><\/p>\n<p>&nbsp;<\/p>\n<p><strong>Quinta-feira &#8211; 16 de mar\u00e7o<\/strong><\/p>\n<p>&nbsp;<\/p>\n<p>8h30 &#8211; Painel Constru\u00e7\u00e3o do Sisan e da Pol\u00edtica de SAN em Minas Gerais e no Brasil. Painelista: Joaquina J\u00falia Martins &#8211; membro da Alian\u00e7a pela Alimenta\u00e7\u00e3o Adequada e Saud\u00e1vel-N\u00facleo Minas Gerais, especialista em gest\u00e3o p\u00fablica e desenvolvimento regional pelo IFMG, e ex. vice-presidente do Consea-MG.<\/p>\n<p>&nbsp;<\/p>\n<p>9h30 &#8211; Painel desafios do acesso \u00e0 alimenta\u00e7\u00e3o adequada e saud\u00e1vel para a popula\u00e7\u00e3o de baixa renda. Painelista: Renato Moreira Nunes &#8211; professor doutor da Universidade Federal de Juiz de Fora<\/p>\n<p>&nbsp;<\/p>\n<p>10h40 &#8211; Painel Sistemas Alimentares e Sindemia Global (incluindo Juiz de Fora) \u2013 Painelista: Arnoldo de Campos \u2013 economista e consultor da SEAPA\/PJF<\/p>\n<p>&nbsp;<\/p>\n<p>14h &#8211; Painel Principais Programas de SAN no Brasil. Painelista: Patr\u00edcia Gentil \u2013 diretora de Promo\u00e7\u00e3o da Alimenta\u00e7\u00e3o Adequada e Saud\u00e1vel do Minist\u00e9rio do Desenvolvimento e Assist\u00eancia Social, Fam\u00edlia e Combate \u00e0 Fome (MDS).<\/p>\n<p>&nbsp;<\/p>\n<p>15h &#8211; Painel Principais Pol\u00edticas de SAN da PJF. Painelista: Cidinha Louzada &#8211; secret\u00e1ria de Governo da PJF<\/p>\n<p>&nbsp;<\/p>\n<p>16h &#8211; Painel Gest\u00e3o do Cadastro \u00danico e a interface com a seguran\u00e7a alimentar e nutricional. Painelista: Ieda Castro &#8211; diretora do Departamento de Gest\u00e3o do Cadastro \u00danico do MDS<\/p>\n<p>&nbsp;<\/p>\n<p><strong>Sexta-feira &#8211; 17 de mar\u00e7o<\/strong><\/p>\n<p>&nbsp;<\/p>\n<p>8h30 &#8211; Apresenta\u00e7\u00e3o PLAMSAN JF, Linhas de A\u00e7\u00e3o Priorit\u00e1rias e Resultados Esperados. Painelista: Fabiola Paulino da Silva &#8211; secret\u00e1ria de Agricultura, Pecu\u00e1ria e Abastecimento &#8211; SEAPA\/PJF<\/p>\n<p>&nbsp;<\/p>\n<p>9h20 &#8211; Desafios da Gest\u00e3o Intersetorial do Plamsan. Painelista: Natascha Rodenbusch Valente &#8211; gerente do Departamento de Seguran\u00e7a Alimentar, Nutricional e Sustent\u00e1vel Seapa\/PJF<\/p>\n<p>&nbsp;<\/p>\n<p>10h10 &#8211; Matriz de Resultados e Plano de A\u00e7\u00e3o do PLANSAN. Painelista: Arnoldo de Campos \u2013\u00a0 economista e consultor da Seapa\/PJF<\/p>\n<p>&nbsp;<\/p>\n<p>11h40 &#8211; Encerramento Arnoldo de Campos e Fabiola Paulino da Silva<\/p>\n<p>&nbsp;<\/p>\n<p>O Plano Municipal de Seguran\u00e7a Alimentar e Nutricional envolve as secretarias de Governo (SG), Agricultura, Pecu\u00e1ria e Abastecimento (Seapa), Assist\u00eancia Social (SAS), Educa\u00e7\u00e3o (SE), Sa\u00fade (SS), Planejamento do Territ\u00f3rio e Participa\u00e7\u00e3o Popular (SEPPOP), Sustentabilidade em Meio Ambiente e Atividades Urbanas (Sesmaur). Al\u00e9m disso, envolve as secretarias de Desenvolvimento Sustent\u00e1vel e Inclusivo, da Inova\u00e7\u00e3o e Competitividade (Sedic) e Especial de Direitos Humanos (SEDH), que t\u00eam a\u00e7\u00f5es espec\u00edficas nesta pauta.<\/p>\n","protected":false},"excerpt":{"rendered":"<p>Segundo informa\u00e7\u00f5es do site da Prefeitura de Juiz de Fora (PJF), a PJF iniciou nesta quarta-feira, 15, a primeira capacita\u00e7\u00e3o de Seguran\u00e7a Alimentar e Nutricional do munic\u00edpio. A mesa de abertura contou com a presen\u00e7a da prefeita Margarida Salom\u00e3o, dos secret\u00e1rios que comp\u00f5em a C\u00e2mara Intersetorial de Seguran\u00e7a Alimentar (Caisan\/JF), e do deputado federal Patrus [&hellip;]<\/p>\n","protected":false},"author":246,"featured_media":211463,"comment_status":"closed","ping_status":"closed","sticky":false,"template":"","format":"standard","meta":{"footnotes":""},"categories":[253,436,439],"tags":[],"class_list":["post-211462","post","type-post","status-publish","format-standard","has-post-thumbnail","hentry","category-cidade","category-destaque-da-semana","category-ultima-hora"],"_links":{"self":[{"href":"https:\/\/diarioregionaldigital.com.br\/index.php?rest_route=\/wp\/v2\/posts\/211462","targetHints":{"allow":["GET"]}}],"collection":[{"href":"https:\/\/diarioregionaldigital.com.br\/index.php?rest_route=\/wp\/v2\/posts"}],"about":[{"href":"https:\/\/diarioregionaldigital.com.br\/index.php?rest_route=\/wp\/v2\/types\/post"}],"author":[{"embeddable":true,"href":"https:\/\/diarioregionaldigital.com.br\/index.php?rest_route=\/wp\/v2\/users\/246"}],"replies":[{"embeddable":true,"href":"https:\/\/diarioregionaldigital.com.br\/index.php?rest_route=%2Fwp%2Fv2%2Fcomments&post=211462"}],"version-history":[{"count":2,"href":"https:\/\/diarioregionaldigital.com.br\/index.php?rest_route=\/wp\/v2\/posts\/211462\/revisions"}],"predecessor-version":[{"id":211465,"href":"https:\/\/diarioregionaldigital.com.br\/index.php?rest_route=\/wp\/v2\/posts\/211462\/revisions\/211465"}],"wp:featuredmedia":[{"embeddable":true,"href":"https:\/\/diarioregionaldigital.com.br\/index.php?rest_route=\/wp\/v2\/media\/211463"}],"wp:attachment":[{"href":"https:\/\/diarioregionaldigital.com.br\/index.php?rest_route=%2Fwp%2Fv2%2Fmedia&parent=211462"}],"wp:term":[{"taxonomy":"category","embeddable":true,"href":"https:\/\/diarioregionaldigital.com.br\/index.php?rest_route=%2Fwp%2Fv2%2Fcategories&post=211462"},{"taxonomy":"post_tag","embeddable":true,"href":"https:\/\/diarioregionaldigital.com.br\/index.php?rest_route=%2Fwp%2Fv2%2Ftags&post=211462"}],"curies":[{"name":"wp","href":"https:\/\/api.w.org\/{rel}","templated":true}]}}