{"id":211459,"date":"2023-03-15T22:03:40","date_gmt":"2023-03-16T01:03:40","guid":{"rendered":"https:\/\/diarioregionaldigital.com.br\/?p=211459"},"modified":"2023-03-15T22:03:40","modified_gmt":"2023-03-16T01:03:40","slug":"grupo-caravana-de-historias-e-o-primeiro-colocado-no-premio-palco-central-2023-da-ufjf","status":"publish","type":"post","link":"https:\/\/diarioregionaldigital.com.br\/?p=211459","title":{"rendered":"Grupo \u201cCaravana de Hist\u00f3rias\u201d \u00e9 o primeiro colocado no Pr\u00eamio Palco Central 2023 da UFJF"},"content":{"rendered":"<p>Segundo informa\u00e7\u00f5es do site da Prefeitura de Juiz de Fora (PJF), o\u00a0Espet\u00e1culo \u201cPedepoesia\u201d do grupo Caravana de Hist\u00f3rias, da Secretaria de Educa\u00e7\u00e3o (SE) da Prefeitura de Juiz de Fora (PJF), foi o primeiro colocado no \u201cPr\u00eamio Palco Central 2023 da Universidade Federal de Juiz de Fora (UFJF)\u201d. Como premia\u00e7\u00e3o, os vencedores poder\u00e3o se apresentar no Cine-Theatro Central, valorizando a produ\u00e7\u00e3o local. A lista com as 19 propostas selecionadas pode ser conferida no<a href=\"https:\/\/www.theatrocentral.com.br\/wp-content\/uploads\/2023\/03\/03-Resultado-Final.pdf\">\u00a0site do teatro<\/a>.<\/p>\n<p>A apresenta\u00e7\u00e3o ser\u00e1 na pr\u00f3xima ter\u00e7a-feira, 21, \u00e0s 18h30, no Cine-Theatro Central, e os ingressos podem ser retirados na recep\u00e7\u00e3o do teatro, de ter\u00e7a \u00e0 sexta-feira, das 9h \u00e0s 12h e das 14h \u00e0s 17h, e no s\u00e1bado, das 9h \u00e0s 12h. No dia do evento, a entrada ser\u00e1 pela galeria Azarias Vilela, na portaria lateral do teatro, pr\u00f3ximo \u00e0 Rua S\u00e3o Jo\u00e3o Nepomuceno.<\/p>\n<p>Segundo o diretor da Caravana de Hist\u00f3rias, o professor Cristiano Fernandes, \u201cparticipar deste evento \u00e9 muito significativo para todos da Caravana. Para o nosso grupo, que \u00e9 um coletivo de educadores, simboliza a pot\u00eancia da arte na educa\u00e7\u00e3o, que consegue transbordar os muros da escola e ser devidamente valorizada\u201d.<\/p>\n<p><strong>Pr\u00eamio Palco Central 2023 da UFJF<\/strong><\/p>\n<p>Ao todo, a Comiss\u00e3o Julgadora avaliou 85 propostas das mais diferentes formas de manifesta\u00e7\u00e3o art\u00edstica: audiovisual, circo, dan\u00e7a, literatura, multilinguagens, m\u00fasica, teatro, dentre outras. Para a sele\u00e7\u00e3o, foram considerados os crit\u00e9rios de originalidade, ineditismo e express\u00e3o cultural; extens\u00e3o social da proposta; relev\u00e2ncia art\u00edstico cultural em rela\u00e7\u00e3o \u00e0 cidade; apresenta\u00e7\u00e3o de estrat\u00e9gias de divulga\u00e7\u00e3o; explana\u00e7\u00e3o da viabilidade de realiza\u00e7\u00e3o e equipe t\u00e9cnica\/composi\u00e7\u00e3o.<\/p>\n<p>O Palco Central se destaca dos demais projetos ao proporcionar a realiza\u00e7\u00e3o de espet\u00e1culos mais intimistas, em formato menor, para no m\u00e1ximo 120 pessoas, ocupando um espa\u00e7o que chega, em sua lota\u00e7\u00e3o total, a 1.751 lugares. Outro diferencial \u00e9 o fato de proporcionar uma aproxima\u00e7\u00e3o maior entre espectadores e artistas, de modo a explorar um \u00e2ngulo pouco usual, a partir do pr\u00f3prio palco, espa\u00e7o tradicionalmente ocupado apenas pelo artista.<\/p>\n<p><strong>Pedepoesia<\/strong><\/p>\n<p>O espet\u00e1culo \u00e9 um \u201cprivil\u00e9gio insetal\u201d, pelo qual se busca o caminho do tempo. Um vilarejo, onde se pode inventar brinquedos o tempo todo. Um passeio pelo universo da poesia e da m\u00fasica. Para mergulhar nesse universo liter\u00e1rio, a Caravana de Hist\u00f3rias convida todos a um passeio est\u00e9tico sobre as diferentes maneiras de ser e de estar no mundo, buscando uma po\u00e9tica para a vida. O espet\u00e1culo elege o g\u00eanero liter\u00e1rio como norteador dos di\u00e1logos art\u00edsticos e flerta com as linguagens do teatro, das narrativas orais e da m\u00fasica, buscando construir uma composi\u00e7\u00e3o c\u00eanica com potentes entrela\u00e7amentos art\u00edsticos.<br \/>\nA montagem tem a dire\u00e7\u00e3o musical do maestro Guto Cimino e a dire\u00e7\u00e3o geral do professor Cristiano Fernandes. \u00c9 tamb\u00e9m uma proposta acess\u00edvel em Audiodescri\u00e7\u00e3o e Libras, contando com o professor Fludualdo Talis e a professora Rita Matheus na elabora\u00e7\u00e3o da audiodescri\u00e7\u00e3o, e com Raquel Motta e equipe na tradu\u00e7\u00e3o e na interpreta\u00e7\u00e3o em Libras.<\/p>\n<p><strong>Sobre o Grupo<\/strong><\/p>\n<p>O grupo \u201cCaravana de Hist\u00f3rias&#8221; comp\u00f5e uma das a\u00e7\u00f5es do \u201cPrograma Arte\/Educa\u00e7\u00e3o da Rede Municipal\u201d e \u00e9 desenvolvido pelo Departamento de Planejamento Pedag\u00f3gico e de Forma\u00e7\u00e3o, por meio da Supervis\u00e3o de Projetos de Artes, Cultura e Cidadania, sendo um desdobramento da proposta de forma\u00e7\u00e3o continuada \u201cLeitura e Conta\u00e7\u00e3o de Hist\u00f3rias\u201d, iniciada em 2014, com o intuito de estimular a pr\u00e1tica art\u00edstica da conta\u00e7\u00e3o de hist\u00f3rias no cotidiano das escolas.<\/p>\n<p>De 2015 a 2019, o grupo montou quatro espet\u00e1culos: \u201cSe Bicho eu Pudesse Ser\u201d, \u201cVelhos Tempos de Mim: saberes e sabores da inf\u00e2ncia\u201d, \u201cQuer Saber se Quero Outra Vida?\u201d e \u201cPedepoesia\u201d. Essas montagens foram apresentadas no Centro de Forma\u00e7\u00e3o do Professor, em escolas, festivais de teatro e outros eventos culturais de Juiz de Fora e da regi\u00e3o.<\/p>\n<p>Atualmente, o grupo \u00e9 composto por 25 integrantes, entre contadores de hist\u00f3rias, m\u00fasicos, int\u00e9rprete de Libras e audiodescritores, com idades de 23 a 80 anos.<\/p>\n<p>Desde ent\u00e3o, o grupo conta, canta e interpreta hist\u00f3rias, contos, can\u00e7\u00f5es e poemas, fazendo um passeio l\u00fadico pelo mundo da literatura e de outras artes, com magia e encantamento. A partir de 2020, devido \u00e0 pandemia, o grupo come\u00e7ou a se apresentar em lives no seu perfil no Instagram (@caravanadehistorias) e no canal da SE no YouTube. Desde 2021, o grupo voltou aos palcos com apresenta\u00e7\u00f5es emocionantes.<\/p>\n<p><strong>Outras informa\u00e7\u00f5es podem ser obtidas por meio das m\u00eddias sociais ou e-mail do grupo:<\/strong><\/p>\n<p><a href=\"https:\/\/instagram.com\/caravanadehistorias?igshid=1l024omxrzt0x\"><strong>Instagram: @caravanadehistorias<\/strong><\/a><\/p>\n<p><a href=\"https:\/\/www.facebook.com\/groups\/465667220251356\"><strong>Facebook: Caravana de Hist\u00f3rias<\/strong><\/a><\/p>\n<p>E-mail:\u00a0<a href=\"mailto:caravanadehistoriasjf@gmail.com\">caravanadehistoriasjf@gmail.com<\/a><\/p>\n","protected":false},"excerpt":{"rendered":"<p>Segundo informa\u00e7\u00f5es do site da Prefeitura de Juiz de Fora (PJF), o\u00a0Espet\u00e1culo \u201cPedepoesia\u201d do grupo Caravana de Hist\u00f3rias, da Secretaria de Educa\u00e7\u00e3o (SE) da Prefeitura de Juiz de Fora (PJF), foi o primeiro colocado no \u201cPr\u00eamio Palco Central 2023 da Universidade Federal de Juiz de Fora (UFJF)\u201d. Como premia\u00e7\u00e3o, os vencedores poder\u00e3o se apresentar no [&hellip;]<\/p>\n","protected":false},"author":246,"featured_media":211460,"comment_status":"closed","ping_status":"closed","sticky":false,"template":"","format":"standard","meta":{"footnotes":""},"categories":[253,436,439],"tags":[],"class_list":["post-211459","post","type-post","status-publish","format-standard","has-post-thumbnail","hentry","category-cidade","category-destaque-da-semana","category-ultima-hora"],"_links":{"self":[{"href":"https:\/\/diarioregionaldigital.com.br\/index.php?rest_route=\/wp\/v2\/posts\/211459","targetHints":{"allow":["GET"]}}],"collection":[{"href":"https:\/\/diarioregionaldigital.com.br\/index.php?rest_route=\/wp\/v2\/posts"}],"about":[{"href":"https:\/\/diarioregionaldigital.com.br\/index.php?rest_route=\/wp\/v2\/types\/post"}],"author":[{"embeddable":true,"href":"https:\/\/diarioregionaldigital.com.br\/index.php?rest_route=\/wp\/v2\/users\/246"}],"replies":[{"embeddable":true,"href":"https:\/\/diarioregionaldigital.com.br\/index.php?rest_route=%2Fwp%2Fv2%2Fcomments&post=211459"}],"version-history":[{"count":1,"href":"https:\/\/diarioregionaldigital.com.br\/index.php?rest_route=\/wp\/v2\/posts\/211459\/revisions"}],"predecessor-version":[{"id":211461,"href":"https:\/\/diarioregionaldigital.com.br\/index.php?rest_route=\/wp\/v2\/posts\/211459\/revisions\/211461"}],"wp:featuredmedia":[{"embeddable":true,"href":"https:\/\/diarioregionaldigital.com.br\/index.php?rest_route=\/wp\/v2\/media\/211460"}],"wp:attachment":[{"href":"https:\/\/diarioregionaldigital.com.br\/index.php?rest_route=%2Fwp%2Fv2%2Fmedia&parent=211459"}],"wp:term":[{"taxonomy":"category","embeddable":true,"href":"https:\/\/diarioregionaldigital.com.br\/index.php?rest_route=%2Fwp%2Fv2%2Fcategories&post=211459"},{"taxonomy":"post_tag","embeddable":true,"href":"https:\/\/diarioregionaldigital.com.br\/index.php?rest_route=%2Fwp%2Fv2%2Ftags&post=211459"}],"curies":[{"name":"wp","href":"https:\/\/api.w.org\/{rel}","templated":true}]}}