{"id":211449,"date":"2023-03-15T21:52:25","date_gmt":"2023-03-16T00:52:25","guid":{"rendered":"https:\/\/diarioregionaldigital.com.br\/?p=211449"},"modified":"2023-03-15T21:52:25","modified_gmt":"2023-03-16T00:52:25","slug":"rj-recebera-pre-olimpico-de-volei-masculino-a-partir-de-30-de-setembro","status":"publish","type":"post","link":"https:\/\/diarioregionaldigital.com.br\/?p=211449","title":{"rendered":"RJ receber\u00e1 Pr\u00e9-Ol\u00edmpico de v\u00f4lei masculino a partir de 30 de setembro"},"content":{"rendered":"<p>O Rio de Janeiro vai sediar a partir de 30 de setembro um dos tr\u00eas Torneios Pr\u00e9-Ol\u00edmpicos de v\u00f4lei masculino, que distribuem vagas para os Jogos de Paris 2024. O an\u00fancio foi feito nesta quarta-feira (15) pelo governador do Rio, Cl\u00e1udio Castro, que confirmou ainda a realiza\u00e7\u00e3o de etapas da Liga das Na\u00e7\u00f5es (masculina e feminina) em\u00a0maio e junho de 2024, v\u00e9spera da abertura dos Jogos. Durante a cerim\u00f4nia no Pal\u00e1cio Guanabara, o governador tamb\u00e9m lan\u00e7ou a candidatura do Rio \u00e0 Copa do Mundo de v\u00f4lei de praia, em 2025.<img decoding=\"async\" src=\"https:\/\/agenciabrasil.ebc.com.br\/ebc.png?id=1516658&amp;o=node\" \/><img decoding=\"async\" src=\"https:\/\/agenciabrasil.ebc.com.br\/ebc.gif?id=1516658&amp;o=node\" \/><\/p>\n<p>O Gin\u00e1sio do Maracan\u00e3zinho, zona norte da capital fluminense, ser\u00e1 o palco do Pr\u00e9-Ol\u00edmpico, que reunir\u00e1 oito equipes, entre elas a sele\u00e7\u00e3o brasileira, comandada pelo t\u00e9cnico Renan Dal Zotto. A disputa ocorrer\u00e1 de 30 de setembro a 8 de outubro tamb\u00e9m nas duas outras sedes da seletiva: China e Jap\u00e3o. Na \u00faltima quarta (8), a Federa\u00e7\u00e3o Internacional de V\u00f4lei (FIVB) j\u00e1 havia definido o Brasil como uma das sedes das seletivas de v\u00f4lei masculino.<\/p>\n<p>De acordo com Cl\u00e1udio Castro, a Secretaria de Esporte e Lazer investir\u00e1 R$ 11 milh\u00f5es na realiza\u00e7\u00e3o Pr\u00e9-Ol\u00edmpico na capital fluminense.<\/p>\n<p>O sorteio das chaves ser\u00e1 na sexta-feira (17), \u00e0s 9h (hor\u00e1rio de Bras\u00edlia), com<a href=\"https:\/\/www.youtube.com\/volleyballworld\">\u00a0transmiss\u00e3o ao vivo<\/a>\u00a0no YouTube da Federa\u00e7\u00e3o Internacional de V\u00f4lei (FIVB). As sele\u00e7\u00f5es de 24 pa\u00edses (confira todas abaixo) ser\u00e3o sorteadas para os tr\u00eas torneios. Apenas as duas mais bem colocadas em cada competi\u00e7\u00e3o se classificam para os Jogos de Paris. Uma das vagas j\u00e1 est\u00e1 reservada \u00e0 Fran\u00e7a como pa\u00eds-sede, tanto no masculino, quanto no feminino.<\/p>\n<p>Os Jogos de Paris reunir\u00e3o 12 sele\u00e7\u00f5es de cada g\u00eanero. Al\u00e9m das vagas distribu\u00eddas pelos Pr\u00e9-Ol\u00edmpicos \u2013 seis no feminino e seis no masculino \u2013, as outras ser\u00e3o destinadas \u00e0s sele\u00e7\u00f5es mais bem colocadas no ranking mundial, ap\u00f3s a fase preliminar da Liga das Na\u00e7\u00f5es de 2024.<\/p>\n<h2>Sele\u00e7\u00f5es masculinas<\/h2>\n<p>Alemanha, Argentina, B\u00e9lgica,\u00a0Brasil, Bulg\u00e1ria, Canad\u00e1, Catar, China, Cuba, Egito, Eslov\u00eania, Estados Unidos, Finl\u00e2ndia, Holanda, Ir\u00e3, It\u00e1lia, Jap\u00e3o, M\u00e9xico, Pol\u00f4nia, Rep\u00fablica Tcheca, S\u00e9rvia, Tun\u00edsia, Turquia e Ucr\u00e2nia.<\/p>\n<p><span style=\"font-weight: 400;\">Fonte: Ag\u00eancia Brasil <\/span><\/p>\n","protected":false},"excerpt":{"rendered":"<p>O Rio de Janeiro vai sediar a partir de 30 de setembro um dos tr\u00eas Torneios Pr\u00e9-Ol\u00edmpicos de v\u00f4lei masculino, que distribuem vagas para os Jogos de Paris 2024. O an\u00fancio foi feito nesta quarta-feira (15) pelo governador do Rio, Cl\u00e1udio Castro, que confirmou ainda a realiza\u00e7\u00e3o de etapas da Liga das Na\u00e7\u00f5es (masculina e [&hellip;]<\/p>\n","protected":false},"author":246,"featured_media":211450,"comment_status":"closed","ping_status":"closed","sticky":false,"template":"","format":"standard","meta":{"footnotes":""},"categories":[436,257,439],"tags":[],"class_list":["post-211449","post","type-post","status-publish","format-standard","has-post-thumbnail","hentry","category-destaque-da-semana","category-esporte","category-ultima-hora"],"_links":{"self":[{"href":"https:\/\/diarioregionaldigital.com.br\/index.php?rest_route=\/wp\/v2\/posts\/211449","targetHints":{"allow":["GET"]}}],"collection":[{"href":"https:\/\/diarioregionaldigital.com.br\/index.php?rest_route=\/wp\/v2\/posts"}],"about":[{"href":"https:\/\/diarioregionaldigital.com.br\/index.php?rest_route=\/wp\/v2\/types\/post"}],"author":[{"embeddable":true,"href":"https:\/\/diarioregionaldigital.com.br\/index.php?rest_route=\/wp\/v2\/users\/246"}],"replies":[{"embeddable":true,"href":"https:\/\/diarioregionaldigital.com.br\/index.php?rest_route=%2Fwp%2Fv2%2Fcomments&post=211449"}],"version-history":[{"count":1,"href":"https:\/\/diarioregionaldigital.com.br\/index.php?rest_route=\/wp\/v2\/posts\/211449\/revisions"}],"predecessor-version":[{"id":211451,"href":"https:\/\/diarioregionaldigital.com.br\/index.php?rest_route=\/wp\/v2\/posts\/211449\/revisions\/211451"}],"wp:featuredmedia":[{"embeddable":true,"href":"https:\/\/diarioregionaldigital.com.br\/index.php?rest_route=\/wp\/v2\/media\/211450"}],"wp:attachment":[{"href":"https:\/\/diarioregionaldigital.com.br\/index.php?rest_route=%2Fwp%2Fv2%2Fmedia&parent=211449"}],"wp:term":[{"taxonomy":"category","embeddable":true,"href":"https:\/\/diarioregionaldigital.com.br\/index.php?rest_route=%2Fwp%2Fv2%2Fcategories&post=211449"},{"taxonomy":"post_tag","embeddable":true,"href":"https:\/\/diarioregionaldigital.com.br\/index.php?rest_route=%2Fwp%2Fv2%2Ftags&post=211449"}],"curies":[{"name":"wp","href":"https:\/\/api.w.org\/{rel}","templated":true}]}}