{"id":211446,"date":"2023-03-15T21:50:44","date_gmt":"2023-03-16T00:50:44","guid":{"rendered":"https:\/\/diarioregionaldigital.com.br\/?p=211446"},"modified":"2023-03-15T21:50:44","modified_gmt":"2023-03-16T00:50:44","slug":"masters-de-indian-wells-bia-haddad-esta-na-semi-de-duplas-femininas","status":"publish","type":"post","link":"https:\/\/diarioregionaldigital.com.br\/?p=211446","title":{"rendered":"Masters de Indian Wells: Bia Haddad est\u00e1 na semi de duplas femininas"},"content":{"rendered":"<p>A brasileira Bia Haddad n\u00e3o precisou entrar em quadra nesta quarta-feira (15) para garantir a classifica\u00e7\u00e3o para as semifinais do Masters 1000 de Indian Wells, nos Estados Unidos. A paulista e a alem\u00e3 Laura Siegemund superaram as quartas de final da competi\u00e7\u00e3o ap\u00f3s as su\u00ed\u00e7as Belinda Bencic e Jil Teichmann desistirem da competi\u00e7\u00e3o por motivo n\u00e3o divulgado pelos organizadores.<img decoding=\"async\" src=\"https:\/\/agenciabrasil.ebc.com.br\/ebc.png?id=1516648&amp;o=node\" \/><img decoding=\"async\" src=\"https:\/\/agenciabrasil.ebc.com.br\/ebc.gif?id=1516648&amp;o=node\" \/><\/p>\n<p>Nas semifinais h\u00e1 a possibilidade de Bia Haddad enfrentar outra atleta do Brasil na busca pela classifica\u00e7\u00e3o para a grande decis\u00e3o das duplas femininas de Indian Wells, Luisa Stefani. Para isto, a medalhista ol\u00edmpica e a canadense Gabriela Dabrowski precisam superar nas quartas de final a japonesa Miyu Kato e a indon\u00e9sia Aldila Sutijiadi, em partida programada para a pr\u00f3xima quinta-feira (16) em hor\u00e1rio ainda n\u00e3o definido.<\/p>\n<p>No caso de a equipe de Stefani se classificar para as semifinais o Brasil j\u00e1 garante presen\u00e7a na grande decis\u00e3o das duplas femininas da competi\u00e7\u00e3o disputada nos Estados Unidos.<\/p>\n<p><span style=\"font-weight: 400;\"><br \/>\n<\/span><span style=\"font-weight: 400;\">Fonte: Ag\u00eancia Brasil <\/span><\/p>\n","protected":false},"excerpt":{"rendered":"<p>A brasileira Bia Haddad n\u00e3o precisou entrar em quadra nesta quarta-feira (15) para garantir a classifica\u00e7\u00e3o para as semifinais do Masters 1000 de Indian Wells, nos Estados Unidos. A paulista e a alem\u00e3 Laura Siegemund superaram as quartas de final da competi\u00e7\u00e3o ap\u00f3s as su\u00ed\u00e7as Belinda Bencic e Jil Teichmann desistirem da competi\u00e7\u00e3o por motivo [&hellip;]<\/p>\n","protected":false},"author":246,"featured_media":211447,"comment_status":"closed","ping_status":"closed","sticky":false,"template":"","format":"standard","meta":{"footnotes":""},"categories":[436,257,439],"tags":[],"class_list":["post-211446","post","type-post","status-publish","format-standard","has-post-thumbnail","hentry","category-destaque-da-semana","category-esporte","category-ultima-hora"],"_links":{"self":[{"href":"https:\/\/diarioregionaldigital.com.br\/index.php?rest_route=\/wp\/v2\/posts\/211446","targetHints":{"allow":["GET"]}}],"collection":[{"href":"https:\/\/diarioregionaldigital.com.br\/index.php?rest_route=\/wp\/v2\/posts"}],"about":[{"href":"https:\/\/diarioregionaldigital.com.br\/index.php?rest_route=\/wp\/v2\/types\/post"}],"author":[{"embeddable":true,"href":"https:\/\/diarioregionaldigital.com.br\/index.php?rest_route=\/wp\/v2\/users\/246"}],"replies":[{"embeddable":true,"href":"https:\/\/diarioregionaldigital.com.br\/index.php?rest_route=%2Fwp%2Fv2%2Fcomments&post=211446"}],"version-history":[{"count":1,"href":"https:\/\/diarioregionaldigital.com.br\/index.php?rest_route=\/wp\/v2\/posts\/211446\/revisions"}],"predecessor-version":[{"id":211448,"href":"https:\/\/diarioregionaldigital.com.br\/index.php?rest_route=\/wp\/v2\/posts\/211446\/revisions\/211448"}],"wp:featuredmedia":[{"embeddable":true,"href":"https:\/\/diarioregionaldigital.com.br\/index.php?rest_route=\/wp\/v2\/media\/211447"}],"wp:attachment":[{"href":"https:\/\/diarioregionaldigital.com.br\/index.php?rest_route=%2Fwp%2Fv2%2Fmedia&parent=211446"}],"wp:term":[{"taxonomy":"category","embeddable":true,"href":"https:\/\/diarioregionaldigital.com.br\/index.php?rest_route=%2Fwp%2Fv2%2Fcategories&post=211446"},{"taxonomy":"post_tag","embeddable":true,"href":"https:\/\/diarioregionaldigital.com.br\/index.php?rest_route=%2Fwp%2Fv2%2Ftags&post=211446"}],"curies":[{"name":"wp","href":"https:\/\/api.w.org\/{rel}","templated":true}]}}