{"id":211443,"date":"2023-03-15T21:47:13","date_gmt":"2023-03-16T00:47:13","guid":{"rendered":"https:\/\/diarioregionaldigital.com.br\/?p=211443"},"modified":"2023-03-15T21:47:13","modified_gmt":"2023-03-16T00:47:13","slug":"brasil-aplica-goleada-de-13-a-0-na-copa-america-de-beach-soccer","status":"publish","type":"post","link":"https:\/\/diarioregionaldigital.com.br\/?p=211443","title":{"rendered":"Brasil aplica goleada de 13 a 0 na Copa Am\u00e9rica de beach soccer"},"content":{"rendered":"<p>A sele\u00e7\u00e3o brasileira de beach soccer se garantiu nas semifinais da Copa Am\u00e9rica da modalidade ap\u00f3s aplicar uma goleada de 13 a 0 sobre o Equador, na tarde desta quarta-feira (15) no Est\u00e1dio La Rural, em Ros\u00e1rio (Argentina).<img decoding=\"async\" src=\"https:\/\/agenciabrasil.ebc.com.br\/ebc.png?id=1516704&amp;o=node\" \/><img decoding=\"async\" src=\"https:\/\/agenciabrasil.ebc.com.br\/ebc.gif?id=1516704&amp;o=node\" \/><\/p>\n<div class=\"post-item-wrap\">\n<p>O grande destaque do Brasil na partida foi Edson Hulk, que marcou quatro vezes. \u201cAlegria imensa por ter marcado esses quatro gols e ter ajudado o Brasil a conquistar uma boa vit\u00f3ria e a vaga antecipada nas semifinais. Agora temos um jogo muito dif\u00edcil contra a Argentina, que joga em casa, mas estamos confiantes de que faremos uma grande apresenta\u00e7\u00e3o para assegurar o primeiro lugar no grupo e entrar ainda mais forte na semifinal. Conquistar a vaga para a Copa do Mundo de Dubai \u00e9 o nosso grande objetivo\u201d, declarou o camisa sete.<\/p>\n<p>O pr\u00f3ximo desafio da equipe brasileira na competi\u00e7\u00e3o \u00e9 o cl\u00e1ssico com a Argentina, que ser\u00e1 disputado a partir das 17h (hor\u00e1rio de Bras\u00edlia) da pr\u00f3xima quinta-feira, pela 5\u00aa rodada da fase inicial da competi\u00e7\u00e3o. A equipe que vencer garante a primeira posi\u00e7\u00e3o do Grupo A.<\/p>\n<p><span style=\"font-weight: 400;\"><br \/>\n<\/span><span style=\"font-weight: 400;\">Fonte: Ag\u00eancia Brasil\u00a0<\/span><span style=\"font-weight: 400;\"><br \/>\n<\/span><\/p>\n<\/div>\n","protected":false},"excerpt":{"rendered":"<p>A sele\u00e7\u00e3o brasileira de beach soccer se garantiu nas semifinais da Copa Am\u00e9rica da modalidade ap\u00f3s aplicar uma goleada de 13 a 0 sobre o Equador, na tarde desta quarta-feira (15) no Est\u00e1dio La Rural, em Ros\u00e1rio (Argentina). O grande destaque do Brasil na partida foi Edson Hulk, que marcou quatro vezes. \u201cAlegria imensa por [&hellip;]<\/p>\n","protected":false},"author":246,"featured_media":211444,"comment_status":"closed","ping_status":"closed","sticky":false,"template":"","format":"standard","meta":{"footnotes":""},"categories":[436,440,257,439],"tags":[],"class_list":["post-211443","post","type-post","status-publish","format-standard","has-post-thumbnail","hentry","category-destaque-da-semana","category-destaques-do-dia","category-esporte","category-ultima-hora"],"_links":{"self":[{"href":"https:\/\/diarioregionaldigital.com.br\/index.php?rest_route=\/wp\/v2\/posts\/211443","targetHints":{"allow":["GET"]}}],"collection":[{"href":"https:\/\/diarioregionaldigital.com.br\/index.php?rest_route=\/wp\/v2\/posts"}],"about":[{"href":"https:\/\/diarioregionaldigital.com.br\/index.php?rest_route=\/wp\/v2\/types\/post"}],"author":[{"embeddable":true,"href":"https:\/\/diarioregionaldigital.com.br\/index.php?rest_route=\/wp\/v2\/users\/246"}],"replies":[{"embeddable":true,"href":"https:\/\/diarioregionaldigital.com.br\/index.php?rest_route=%2Fwp%2Fv2%2Fcomments&post=211443"}],"version-history":[{"count":1,"href":"https:\/\/diarioregionaldigital.com.br\/index.php?rest_route=\/wp\/v2\/posts\/211443\/revisions"}],"predecessor-version":[{"id":211445,"href":"https:\/\/diarioregionaldigital.com.br\/index.php?rest_route=\/wp\/v2\/posts\/211443\/revisions\/211445"}],"wp:featuredmedia":[{"embeddable":true,"href":"https:\/\/diarioregionaldigital.com.br\/index.php?rest_route=\/wp\/v2\/media\/211444"}],"wp:attachment":[{"href":"https:\/\/diarioregionaldigital.com.br\/index.php?rest_route=%2Fwp%2Fv2%2Fmedia&parent=211443"}],"wp:term":[{"taxonomy":"category","embeddable":true,"href":"https:\/\/diarioregionaldigital.com.br\/index.php?rest_route=%2Fwp%2Fv2%2Fcategories&post=211443"},{"taxonomy":"post_tag","embeddable":true,"href":"https:\/\/diarioregionaldigital.com.br\/index.php?rest_route=%2Fwp%2Fv2%2Ftags&post=211443"}],"curies":[{"name":"wp","href":"https:\/\/api.w.org\/{rel}","templated":true}]}}