{"id":211440,"date":"2023-03-15T21:28:09","date_gmt":"2023-03-16T00:28:09","guid":{"rendered":"https:\/\/diarioregionaldigital.com.br\/?p=211440"},"modified":"2023-03-15T21:28:09","modified_gmt":"2023-03-16T00:28:09","slug":"novo-perfil-da-alesp-tende-para-centro-direita-diz-cientista-politico","status":"publish","type":"post","link":"https:\/\/diarioregionaldigital.com.br\/?p=211440","title":{"rendered":"Novo perfil da Alesp tende para centro-direita, diz cientista pol\u00edtico"},"content":{"rendered":"<p>Nesta quarta-feira (15), a Assembleia Legislativa de S\u00e3o Paulo (Alesp) d\u00e1 posse aos 94 deputados estaduais eleitos e diplomados nas elei\u00e7\u00f5es de 2022. A cerim\u00f4nia de posse, que marca abertura da 20\u00aa legislatura da Alesp ser\u00e1 no Plen\u00e1rio Juscelino Kubistchek, \u00e0s 15h.<img decoding=\"async\" src=\"https:\/\/agenciabrasil.ebc.com.br\/ebc.png?id=1516325&amp;o=node\" \/><img decoding=\"async\" src=\"https:\/\/agenciabrasil.ebc.com.br\/ebc.gif?id=1516325&amp;o=node\" \/><\/p>\n<p>Dos 94 eleitos, 32 v\u00e3o assumir pela primeira vez uma cadeira na Assembleia e sete, que j\u00e1 cumpriram mandato em legislaturas anteriores, est\u00e3o voltando \u00e0 Casa. A expectativa \u00e9 que, com a nova composi\u00e7\u00e3o da Casa, o governador Tarc\u00edsio de Freitas, do Republicanos, tenha facilidade para aprovar seus projetos.<\/p>\n<p>\u201cTarc\u00edsio deve encontrar uma assembleia na qual n\u00e3o ter\u00e1 dificuldade de fazer composi\u00e7\u00f5es pol\u00edticas. \u00c9 uma assembleia legislativa cuja composi\u00e7\u00e3o e perfil pol\u00edtico-partid\u00e1rio s\u00e3o mais de centro-direita e, quando n\u00e3o, de direita\u201d, disse o cientista pol\u00edtico Bruno Silva, diretor de Projetos do Movimento Voto Consciente.<\/p>\n<p>&#8220;\u00c9 uma Alesp em que ele [governador] vai ter uma base at\u00e9 bastante consistente. Ele \u00e9 um pol\u00edtico novo em S\u00e3o Paulo, um quadro desconhecido, mas pode ter apoio de 65 a 70 deputados. Pelo menos a expectativa \u00e9 de uma base que contribua para que ele tenha governabilidade\u201d, concordou a cientista pol\u00edtica Maria do Socorro Braga, da Universidade Federal de S\u00e3o Carlos (Ufscar).<\/p>\n<p>Com isso, Tarc\u00edsio n\u00e3o dever\u00e1 encontrar obst\u00e1culos para aprovar projetos que defendeu na campanha ao governo do estado, como a privatiza\u00e7\u00e3o da Companhia de Saneamento B\u00e1sico do Estado de S\u00e3o Paulo (Sabesp). \u201cNos projetos de privatiza\u00e7\u00e3o que est\u00e3o a\u00ed em pauta, como a privatiza\u00e7\u00e3o da Sabesp e de outras empresas, \u00e9 poss\u00edvel que ele tenha facilidade, ou que pelo menos tenha um bom n\u00famero de deputados apoiando essas pautas\u201d, disse Maria do Socorro.<\/p>\n<p>\u201cAs pautas priorit\u00e1rias que t\u00eam sido ventiladas at\u00e9 aqui, pelo que a gente tem ouvido de figuras fortes dentro do governo, poderiam ser encaixadas dentro de tr\u00eas grandes temas. Primeiro, s\u00e3o os temas de infraestrutura, dos quais ele [Tarc\u00edsio] se gabou durante todo o processo eleitoral de ter uma expertise em n\u00edvel nacional em fun\u00e7\u00e3o do seu cargo de ministro da Infraestrutura. Este \u00e9 um dos gargalos em que ele deseja mexer, tanto que j\u00e1 tem gerado algumas pol\u00eamicas como a privatiza\u00e7\u00e3o na quest\u00e3o da \u00e1gua\u201d, destacou Bruno Silva.<\/p>\n<p>De acordo com Silva, dois temas que tamb\u00e9m poder\u00e3o ser pautados para vota\u00e7\u00e3o na Alesp s\u00e3o seguran\u00e7a p\u00fablica e educa\u00e7\u00e3o.<\/p>\n<h2>Perfil<\/h2>\n<p>Embora se espere a manuten\u00e7\u00e3o do perfil governista, a nova Assembleia Legislativa tem pelo menos uma diferen\u00e7a em rela\u00e7\u00e3o \u00e0s \u00faltimas legislaturas: a perda de for\u00e7a do PSDB. Ap\u00f3s quase 30 anos no poder em S\u00e3o Paulo, e quase o mesmo tempo na presid\u00eancia da Alesp, o PSDB perdeu quatro cadeiras nas \u00faltimas elei\u00e7\u00f5es.<\/p>\n<p>De partido com a maior bancada, o PSDB ocupar\u00e1 agora o terceiro lugar entre os de maior representa\u00e7\u00e3o na Assembleia paulista, com nove deputados eleitos. \u201cO principal ponto em que a atual Alesp difere da anterior \u00e9 que o PSDB saiu muito enfraquecido das elei\u00e7\u00f5es, como um todo, e perdeu, n\u00e3o s\u00f3 cadeiras na Alesp, como [tamb\u00e9m] parte do controle de aspectos pol\u00edticos importantes dentro do Poder Legislativo\u201d, afirmou o cientista pol\u00edtico.<\/p>\n<p>A maior bancada agora ser\u00e1 a do PL, que elegeu 19 deputados, entre os quais, Andr\u00e9 do Prado, o mais cotado para assumir a presid\u00eancia da Casa, ap\u00f3s anos de lideran\u00e7a do PSDB. \u201c\u00c9 uma troca da guarda, um revezamento de for\u00e7as. O PSDB ainda tem for\u00e7a em S\u00e3o Paulo, mas cada vez menos expressiva. E, em n\u00edvel nacional, o partido tamb\u00e9m saiu enfraquecido das elei\u00e7\u00f5es. Com o PL assumindo, existe ali uma certa continuidade, eu diria, porque o PSDB foi cada vez mais, ao longo dos anos, saindo do centro e indo mais para a direita. O PL, por sua vez, est\u00e1 crescendo. \u00c9 um crescimento que vem de 2018 para c\u00e1, [com o partido] tentando assumir cada vez mais esse espa\u00e7o do PSDB\u201d, ressaltou Maria do Socorro.<\/p>\n<p>PSDB e PL devem, juntos, compor a base governista. Aos dois partidos, se somar\u00e1 o Republicanos, ao qual \u00e9 filiado o governador Tarc\u00edsio de Freitas. O Republicanos ter\u00e1 oito cadeiras na Alesp. A base governista dever\u00e1 ainda com o Uni\u00e3o Brasil, que tem oito cadeiras; o PSD, o MDB e o Podemos, com deputados, cada um; o Progressistas, que elegeu tr\u00eas; o Cidadania e o Partido Social Crist\u00e3o, com dois. \u00c9 poss\u00edvel que o o Partido Novo, que elegeu um representante, tamb\u00e9m integre a base.<\/p>\n<p>J\u00e1 a oposi\u00e7\u00e3o ser\u00e1 formada pelo PT, que elegeu 18 deputados e tem a segunda maior bancada na Casa. O PT teve o deputado estadual mais votado em 2022 em S\u00e3o Paulo, Eduardo Suplicy, com 807.015 votos. O bloco oposicionista ter\u00e1 ainda o PSOL, com cinco representantes, e o PCdoB, que elegeu a deputada Leci Brand\u00e3o.<\/p>\n<p>A Alesp contar\u00e1 ainda com representantes da Rede Sustentabilidade, que reelegeu Marina Helou; do PDT e do Solidariedade, com um deputado cada; e PSB, que elegeu tr\u00eas.<\/p>\n<p>\u201cOs partidos que aparentemente v\u00e3o conseguir maior controle s\u00e3o justamente os partidos da base, como o PL, que conseguiu aumentar consideravelmente o n\u00famero de deputados, o Republicanos, o PSD, o Uni\u00e3o Brasil e o MDB. Vamos ter uma Alesp, do ponto de vista ideol\u00f3gico, do centro para a direita. Na oposi\u00e7\u00e3o, a expectativa \u00e9 que o PT, que vai ter 19 deputados, juntamente com partidos menores, como PSOL, PCdoB e outros de esquerda, consigam fazer oposi\u00e7\u00e3o, que vai ser consistente. N\u00e3o diria que esses partidos conseguir\u00e3o aumentar sua capacidade de embate, mas eles ter\u00e3o ali capacidade de, a depender das mat\u00e9rias, fazer uma boa oposi\u00e7\u00e3o. Mas a balan\u00e7a do poder tende, sim, para o governador Tarc\u00edsio de Freitas ter uma maioria consider\u00e1vel\u201d, afirmou Maria do Socorro.<\/p>\n<p>Para Bruno Silva, a nova composi\u00e7\u00e3o da Alesp dever\u00e1 tamb\u00e9m permitir que o PL participe de comiss\u00f5es importantes. \u201cVamos encontrar basicamente um PL muito fortalecido e tentando disputar cargos important\u00edssimos, principalmente as comiss\u00f5es mais significativas, at\u00e9 porque o partido do Tarc\u00edsio n\u00e3o tem uma bancada t\u00e3o grande assim dentro da Alesp. Somando for\u00e7as e a configura\u00e7\u00e3o de um bloco, o governo tem a possibilidade de controlar comiss\u00f5es importantes, como as de Legisla\u00e7\u00e3o, Reda\u00e7\u00e3o, Justi\u00e7a, e, principalmente, Or\u00e7ament\u00e1ria. N\u00e3o vejo muitas dificuldades acerca disso\u201d, enfatizou o cientista.<\/p>\n<h2>Pauta de costumes<\/h2>\n<p>Para os cientistas pol\u00edticos, as pautas de costumes, que tiveram grande peso na legisla\u00e7\u00e3o passada, podem at\u00e9 continuar aparecendo na nova legislatura, mas isso depender\u00e1 da postura do governador Tarc\u00edsio de Freitas que, embora tenha sido eleito com apoio da extrema-direita e do ent\u00e3o presidente Jair Bolsonaro, tem procurado se encaminhar mais para a centro-direita.<\/p>\n<p>\u201c\u00c9 poss\u00edvel que haja tamb\u00e9m, nesse sentido, pautas de conte\u00fado e, com certeza, isso vai ter um peso muito forte dos setores conservadores. Por enquanto, temos observado que o atual governador tem tentado se desvincular da extrema direita. Quando ele faz essa alian\u00e7a t\u00e3o grande e tem ao redor de si uma coaliza\u00e7\u00e3o governamental formada por muitos partidos, ele se afasta daquela for\u00e7a da extrema-direita que em S\u00e3o Paulo contribuiu para eleg\u00ea-lo\u201d, disse Maria do Socorro.<\/p>\n<p>Segundo a cientista pol\u00edtica, o que se espera \u00e9 que, com isso, a Alesp foque mais em uma agenda neoliberal e menos em uma pauta de costumes. \u201cTemos que aguardar um pouco, mas, por enquanto h\u00e1 sinais de uma uni\u00e3o do centro com a direita e com a direita tradicional, n\u00e3o com a extrema-direita.\u201d<\/p>\n<p>Para Bruno Silva, na Alesp, deve prevalecer uma l\u00f3gica muito parecida com a que se v\u00ea em n\u00edvel federal. \u201cTem parlamentares dentro do PT e do PSOL, por exemplo, que tem uma l\u00f3gica de milit\u00e2ncia em quest\u00f5es ambientais, de direitos das mulheres e de popula\u00e7\u00e3o LGBTQIA+. Se a gente observar, \u00e9 uma Assembleia que ter\u00e1 figuras que ir\u00e3o para o embate pol\u00edtico. Mas, ao mesmo tempo, esses outros parlamentares, representantes do campo mais conservador, ou mais dessa direita, encontrar\u00e3o tamb\u00e9m na Alesp um eco a partir do governo do estado.\u201d<\/p>\n<p>Silva enfatizou que o ponto para entender e observar exatamente como vai se dar esse comportamento dentro da Assembleia Legislativa vai depender muito de que tipo de agenda o governo do estado vai colocar para ser discutida, para ser votada. \u201cE a\u00ed me parece que o Tarc\u00edsio, por mais que tenha surfado na onda do Bolsonaro, ele n\u00e3o \u00e9 Bolsonaro.\u201d<\/p>\n<p>Al\u00e9m da aprova\u00e7\u00e3o de pautas neoliberais, espera-se ainda que projetos relacionados \u00e0s mulheres ganhem mais peso na nova legislatura. Isso porque cresceu um pouco a representa\u00e7\u00e3o das mulheres na Casa: de 18 cadeiras, elas passam a ocupar 25. \u201cEmbora o n\u00famero [de mulheres] esteja fragmentado em v\u00e1rios partidos, este \u00e9 tamb\u00e9m um elemento inovador\u201d, disse Maria do Socorro. \u201c\u00c9 um crescimento ainda pequeno, mas consider\u00e1vel e importante. Essa bancada vem em um crescente. Digamos que as mulheres agora ter\u00e3o mais condi\u00e7\u00f5es de assumir projetos, assinar projetos e lutar por eles e por sua aprova\u00e7\u00e3o. N\u00e3o \u00e9 f\u00e1cil aprovar tais projetos e vai depender, claro, da contribui\u00e7\u00e3o de deputados para essas pautas\u201d, acrescentou.<\/p>\n<p>A cientista pol\u00edtica destaca ainda o fato de a representa\u00e7\u00e3o feminina ser muito vinculada \u00e0s bancadas partid\u00e1rias, porque s\u00e3o fun\u00e7\u00f5es sub-representadas em termos eleitorais. Por isso, \u00e9 importante que elas consigam formar grandes maiorias, no sentido de atrair deputados para apoiar os projetos que tratam de direitos das mulheres.<\/p>\n<p>Maria do Socorro comemorou o n\u00famero de 25 mulheres eleitas na Alesp. \u201cCom esse n\u00famero, come\u00e7amos a ter maiores esperan\u00e7as de aumentar v\u00e1rios projetos de lei ou que, pelo menos, sejam votados mais projetos de lei relacionados aos direitos femininos\u201d, afirmou.<\/p>\n<p><span style=\"font-weight: 400;\"><br \/>\n<\/span><span style=\"font-weight: 400;\">Fonte: Ag\u00eancia Brasil <\/span><\/p>\n","protected":false},"excerpt":{"rendered":"<p>Nesta quarta-feira (15), a Assembleia Legislativa de S\u00e3o Paulo (Alesp) d\u00e1 posse aos 94 deputados estaduais eleitos e diplomados nas elei\u00e7\u00f5es de 2022. A cerim\u00f4nia de posse, que marca abertura da 20\u00aa legislatura da Alesp ser\u00e1 no Plen\u00e1rio Juscelino Kubistchek, \u00e0s 15h. Dos 94 eleitos, 32 v\u00e3o assumir pela primeira vez uma cadeira na Assembleia [&hellip;]<\/p>\n","protected":false},"author":246,"featured_media":211441,"comment_status":"closed","ping_status":"closed","sticky":false,"template":"","format":"standard","meta":{"footnotes":""},"categories":[436,254,439],"tags":[],"class_list":["post-211440","post","type-post","status-publish","format-standard","has-post-thumbnail","hentry","category-destaque-da-semana","category-politica","category-ultima-hora"],"_links":{"self":[{"href":"https:\/\/diarioregionaldigital.com.br\/index.php?rest_route=\/wp\/v2\/posts\/211440","targetHints":{"allow":["GET"]}}],"collection":[{"href":"https:\/\/diarioregionaldigital.com.br\/index.php?rest_route=\/wp\/v2\/posts"}],"about":[{"href":"https:\/\/diarioregionaldigital.com.br\/index.php?rest_route=\/wp\/v2\/types\/post"}],"author":[{"embeddable":true,"href":"https:\/\/diarioregionaldigital.com.br\/index.php?rest_route=\/wp\/v2\/users\/246"}],"replies":[{"embeddable":true,"href":"https:\/\/diarioregionaldigital.com.br\/index.php?rest_route=%2Fwp%2Fv2%2Fcomments&post=211440"}],"version-history":[{"count":1,"href":"https:\/\/diarioregionaldigital.com.br\/index.php?rest_route=\/wp\/v2\/posts\/211440\/revisions"}],"predecessor-version":[{"id":211442,"href":"https:\/\/diarioregionaldigital.com.br\/index.php?rest_route=\/wp\/v2\/posts\/211440\/revisions\/211442"}],"wp:featuredmedia":[{"embeddable":true,"href":"https:\/\/diarioregionaldigital.com.br\/index.php?rest_route=\/wp\/v2\/media\/211441"}],"wp:attachment":[{"href":"https:\/\/diarioregionaldigital.com.br\/index.php?rest_route=%2Fwp%2Fv2%2Fmedia&parent=211440"}],"wp:term":[{"taxonomy":"category","embeddable":true,"href":"https:\/\/diarioregionaldigital.com.br\/index.php?rest_route=%2Fwp%2Fv2%2Fcategories&post=211440"},{"taxonomy":"post_tag","embeddable":true,"href":"https:\/\/diarioregionaldigital.com.br\/index.php?rest_route=%2Fwp%2Fv2%2Ftags&post=211440"}],"curies":[{"name":"wp","href":"https:\/\/api.w.org\/{rel}","templated":true}]}}