{"id":211437,"date":"2023-03-15T21:26:45","date_gmt":"2023-03-16T00:26:45","guid":{"rendered":"https:\/\/diarioregionaldigital.com.br\/?p=211437"},"modified":"2023-03-15T21:26:45","modified_gmt":"2023-03-16T00:26:45","slug":"camara-define-comandos-das-30-comissoes-permanentes-da-casa","status":"publish","type":"post","link":"https:\/\/diarioregionaldigital.com.br\/?p=211437","title":{"rendered":"C\u00e2mara define comandos das 30 comiss\u00f5es permanentes da Casa"},"content":{"rendered":"<p>Em meio a muitas negocia\u00e7\u00f5es que se arrastaram at\u00e9 madrugada desta quarta-feira (15) e terminaram com uma reuni\u00e3o entre o presidente da C\u00e2mara, Arthur Lira (PP-AL), e alguns l\u00edderes na manh\u00e3 de hoje, o desenho final das 30 comiss\u00f5es permanentes da Casa foi finalmente finalizado. Metade delas (15) foi instalada na manh\u00e3 de hoje. Tamb\u00e9m foram eleitos os presidentes de cada colegiado pelos pr\u00f3ximos dois anos. A outra metade ser\u00e1 instalada at\u00e9 amanh\u00e3 (16).<img decoding=\"async\" src=\"https:\/\/agenciabrasil.ebc.com.br\/ebc.png?id=1516513&amp;o=node\" \/><img decoding=\"async\" src=\"https:\/\/agenciabrasil.ebc.com.br\/ebc.gif?id=1516513&amp;o=node\" \/><\/p>\n<h2>PL<\/h2>\n<p>Na queda de bra\u00e7o por espa\u00e7o, o PL, partido do ex-presidente da Rep\u00fablica\u00a0Jair Bolsonaro e, consequentemente, principal legenda de oposi\u00e7\u00e3o ao governo, saiu fortalecido com cinco colegiados. A sigla ter\u00e1 o comando da Comiss\u00e3o de Fiscaliza\u00e7\u00e3o e Controle da C\u00e2mara, que ser\u00e1 presidida pela deputada Bia Kicis (DF). Entre outros temas, a comiss\u00e3o vota iniciativas relacionadas ao acompanhamento e \u00e0 fiscaliza\u00e7\u00e3o cont\u00e1bil, financeira, or\u00e7ament\u00e1ria, operacional e patrimonial na administra\u00e7\u00e3o federal em geral, al\u00e9m de representa\u00e7\u00f5es e relat\u00f3rios do Tribunal de Contas da Uni\u00e3o (TCU).<\/p>\n<p>Dono da maior bancada da Casa, com 99 parlamentares, o PL tamb\u00e9m vai comandar as comiss\u00f5es de Sa\u00fade, Esporte e Previd\u00eancia Social. Ap\u00f3s uma disputa acirrada com o Uni\u00e3o Brasil, o Partido Liberal conquistou ainda a relatoria da Comiss\u00e3o Mista de Or\u00e7amento (CMO), que ficar\u00e1 com o deputado Luiz Carlos Motta (SP). Considerada uma das mais importantes do Congresso Nacional, por ser respons\u00e1vel pela vota\u00e7\u00e3o do Plano Plurianual (PPA), da Lei de Diretrizes Or\u00e7ament\u00e1rias (LDO) e da Lei Or\u00e7ament\u00e1ria Anual (LOA), a cada dois anos, a CMO reveza a presid\u00eancia entre a C\u00e2mara e o Senado Federal. Neste ano, caber\u00e1 ao Senado o posto de presidente do colegiado, que ficar\u00e1 com a senadora Daniella Ribeiro (PSD-PB).<\/p>\n<h2>Outros partidos<\/h2>\n<div class=\"dnd-widget-wrapper context-medio_4colunas type-image atom-align-left\">\n<div class=\"dnd-atom-rendered\">\n<div class=\"shadow overflow-hidden rounded-lg d-block zoom-on-hover-sm shadow-hover w-100\"><img decoding=\"async\" class=\"flex-fill img-cover\" title=\"Lula Marques\/ Ag\u00eancia Brasil\" src=\"https:\/\/imagens.ebc.com.br\/pQt_evpkU39Lkl85OcyuBA5yaSQ=\/365x0\/smart\/https:\/\/agenciabrasil.ebc.com.br\/sites\/default\/files\/thumbnails\/image\/eleicao_ccj_camara-13_0.jpg?itok=FltsSpEO\" alt=\"Bras\u00edlia (DF), 15\/03\/2023 - Deputado Rui Falc\u00e3o \u00e9 eleito presidente da comiss\u00e3o de constitui\u00e7\u00e3o e justi\u00e7a da C\u00e2mara dos Deputados. Lula Marques\/ Ag\u00eancia Brasil\" \/><\/div>\n<\/div>\n<div class=\"dnd-caption-wrapper\">\n<h6 class=\"meta\">Deputado Rui Falc\u00e3o \u00e9 eleito presidente da CCJ\u00a0&#8211;\u00a0<strong>Lula Marques\/ Ag\u00eancia Brasil<\/strong><\/h6>\n<\/div>\n<\/div>\n<p>Depois do PL, a federa\u00e7\u00e3o formada por PT-PCdoB-PV conquistou mais comandos de comiss\u00f5es: quatro. Uma delas, a Comiss\u00e3o de Constitui\u00e7\u00e3o e Justi\u00e7a, a mais importante da Casa, que ser\u00e1 presidida pelo petista Rui Falc\u00e3o (SP).<\/p>\n<p>O\u00a0Uni\u00e3o Brasil ficou com a presid\u00eancia de tr\u00eas colegiados. J\u00e1 o PP, MDB, PSD e Republicanos estar\u00e3o no comando de dois colegiados cada, enquanto os demais partidos ficaram com uma comiss\u00e3o cada.<\/p>\n<p>Por causa do n\u00famero menor de suas respectivas bancadas Novo, Pros, PTB, PSC, Patriota n\u00e3o levaram nenhuma presid\u00eancia da comiss\u00e3o.<\/p>\n<h2>Saiba como quem ficou cada comiss\u00e3o:<\/h2>\n<p>A federa\u00e7\u00e3o formada pelo PT, PV e PCdoB ficar\u00e1 com as\u00a0comiss\u00f5es de Constitui\u00e7\u00e3o e Justi\u00e7a (CCJ);\u00a0Trabalho;\u00a0Direitos Humanos, Minorias e Igualdade Racial;\u00a0e Finan\u00e7as e Tributa\u00e7\u00e3o. O PCdoB\u00a0presidir\u00e1 a Comiss\u00e3o de Defesa dos Direitos das Pessoas com Defici\u00eancia e o PV, a de Defesa dos Direitos da Pessoa Idosa.<\/p>\n<p>O PSD ficar\u00e1 com a Comiss\u00e3o de Via\u00e7\u00f5es e Transportes e com o colegiado de Ci\u00eancia e Tecnologia.<\/p>\n<p>O Uni\u00e3o Brasil ficar\u00e1 com a Educa\u00e7\u00e3o, Integra\u00e7\u00e3o Nacional e Minas e Energia.<\/p>\n<p>O PP, de Arthur Lira, comandar\u00e1 as comiss\u00f5es de Agricultura e Cultura.<\/p>\n<p>Ao MDB caber\u00e1 o comando das comiss\u00f5es de Meio Ambiente e Desenvolvimento Urbano.<\/p>\n<p>O PSB ficar\u00e1 com a Comiss\u00e3o de Ind\u00fastria e Servi\u00e7os e o Republicanos com a de Comunica\u00e7\u00e3o, al\u00e9m da Defesa do Consumidor.<\/p>\n<p>J\u00e1 o PDT foi contemplado com o Desenvolvimento Econ\u00f4mico, enquanto a federa\u00e7\u00e3o formada por PSDB e Cidadania ter\u00e1 a Comiss\u00e3o de Rela\u00e7\u00f5es Exteriores.<\/p>\n<p>No caso da federa\u00e7\u00e3o formada por PSOL e Rede, o comando ser\u00e1 o da Comiss\u00e3o de Povos Origin\u00e1rios. O Avante controlar\u00e1 a Comiss\u00e3o de Administra\u00e7\u00e3o e Servi\u00e7o P\u00fablico, o Solidariedade, a Comiss\u00e3o de Legisla\u00e7\u00e3o Participativa e o Cidadania, a de Direitos da Mulher.<\/p>\n<p><span style=\"font-weight: 400;\"><br \/>\n<\/span><span style=\"font-weight: 400;\">Fonte: Ag\u00eancia Brasil <\/span><\/p>\n","protected":false},"excerpt":{"rendered":"<p>Em meio a muitas negocia\u00e7\u00f5es que se arrastaram at\u00e9 madrugada desta quarta-feira (15) e terminaram com uma reuni\u00e3o entre o presidente da C\u00e2mara, Arthur Lira (PP-AL), e alguns l\u00edderes na manh\u00e3 de hoje, o desenho final das 30 comiss\u00f5es permanentes da Casa foi finalmente finalizado. Metade delas (15) foi instalada na manh\u00e3 de hoje. Tamb\u00e9m [&hellip;]<\/p>\n","protected":false},"author":246,"featured_media":211438,"comment_status":"closed","ping_status":"closed","sticky":false,"template":"","format":"standard","meta":{"footnotes":""},"categories":[436,254,439],"tags":[],"class_list":["post-211437","post","type-post","status-publish","format-standard","has-post-thumbnail","hentry","category-destaque-da-semana","category-politica","category-ultima-hora"],"_links":{"self":[{"href":"https:\/\/diarioregionaldigital.com.br\/index.php?rest_route=\/wp\/v2\/posts\/211437","targetHints":{"allow":["GET"]}}],"collection":[{"href":"https:\/\/diarioregionaldigital.com.br\/index.php?rest_route=\/wp\/v2\/posts"}],"about":[{"href":"https:\/\/diarioregionaldigital.com.br\/index.php?rest_route=\/wp\/v2\/types\/post"}],"author":[{"embeddable":true,"href":"https:\/\/diarioregionaldigital.com.br\/index.php?rest_route=\/wp\/v2\/users\/246"}],"replies":[{"embeddable":true,"href":"https:\/\/diarioregionaldigital.com.br\/index.php?rest_route=%2Fwp%2Fv2%2Fcomments&post=211437"}],"version-history":[{"count":1,"href":"https:\/\/diarioregionaldigital.com.br\/index.php?rest_route=\/wp\/v2\/posts\/211437\/revisions"}],"predecessor-version":[{"id":211439,"href":"https:\/\/diarioregionaldigital.com.br\/index.php?rest_route=\/wp\/v2\/posts\/211437\/revisions\/211439"}],"wp:featuredmedia":[{"embeddable":true,"href":"https:\/\/diarioregionaldigital.com.br\/index.php?rest_route=\/wp\/v2\/media\/211438"}],"wp:attachment":[{"href":"https:\/\/diarioregionaldigital.com.br\/index.php?rest_route=%2Fwp%2Fv2%2Fmedia&parent=211437"}],"wp:term":[{"taxonomy":"category","embeddable":true,"href":"https:\/\/diarioregionaldigital.com.br\/index.php?rest_route=%2Fwp%2Fv2%2Fcategories&post=211437"},{"taxonomy":"post_tag","embeddable":true,"href":"https:\/\/diarioregionaldigital.com.br\/index.php?rest_route=%2Fwp%2Fv2%2Ftags&post=211437"}],"curies":[{"name":"wp","href":"https:\/\/api.w.org\/{rel}","templated":true}]}}