{"id":211431,"date":"2023-03-15T21:16:16","date_gmt":"2023-03-16T00:16:16","guid":{"rendered":"https:\/\/diarioregionaldigital.com.br\/?p=211431"},"modified":"2023-03-15T21:16:16","modified_gmt":"2023-03-16T00:16:16","slug":"deputados-tomam-posse-e-pl-vai-comandar-a-presidencia-da-alesp","status":"publish","type":"post","link":"https:\/\/diarioregionaldigital.com.br\/?p=211431","title":{"rendered":"Deputados tomam posse e PL vai comandar a presid\u00eancia da Alesp"},"content":{"rendered":"<p>Os 94 deputados estaduais\u00a0eleitos no pleito de 2022\u00a0tomaram posse nesta quarta-feira (15)\u00a0na\u00a0Assembleia Legislativa de S\u00e3o Paulo (Alesp).\u00a0Do total dos parlamentares,\u00a055 foram reeleitos e 32 v\u00e3o assumir pela primeira vez uma cadeira na Casa legislativa. Os demais\u00a0j\u00e1 representaram a Alesp em outras legislaturas.<img decoding=\"async\" src=\"https:\/\/agenciabrasil.ebc.com.br\/ebc.png?id=1516647&amp;o=node\" \/><img decoding=\"async\" src=\"https:\/\/agenciabrasil.ebc.com.br\/ebc.gif?id=1516647&amp;o=node\" \/><\/p>\n<p>A Alesp \u00e9 a \u00fanica casa legislativa do pa\u00eds que d\u00e1 posse aos deputados no dia 15 de mar\u00e7o, seguindo uma legisla\u00e7\u00e3o estadual paulista de 1969, que foi elaborada para acompanhar o in\u00edcio do mandato do presidente da Rep\u00fablica que, naquela \u00e9poca, tamb\u00e9m era no dia 15 de mar\u00e7o.<\/p>\n<p>Com a Constitui\u00e7\u00e3o de 1988, a posse presidencial e a dos\u00a0governadores de S\u00e3o Paulo passaram a ocorrer no dia 1\u00ba\u00a0de janeiro. Apesar disso, o in\u00edcio do mandato dos deputados de S\u00e3o Paulo continuou respeitando a legisla\u00e7\u00e3o estadual de 1969, que determinava a posse para o dia 15 de mar\u00e7o.<\/p>\n<p>Mas essa ser\u00e1 a \u00faltima vez que isso vai ocorrer em S\u00e3o Paulo. Em 2019, a Alesp aprovou uma proposta de emenda \u00e0 Constitui\u00e7\u00e3o que alterou a data de posse dos deputados estaduais para ocorrer a partir do dia 1\u00ba\u00a0de fevereiro. A mudan\u00e7a passar\u00e1 a valer a partir de 2027.<\/p>\n<p>\u201cParticularmente entendo que \u00e9 importante antecipar essa posse dos parlamentares porque fica um interst\u00edcio na rela\u00e7\u00e3o entre os Poderes de praticamente dois meses e meio\u201d, disse o cientista pol\u00edtico Bruno Silva. \u201cSe voc\u00ea tem uma assembleia come\u00e7ando num prazo mais junto, o governo inicia junto com as atividades do Poder Legislativo e ali j\u00e1 se consegue construir a base de apoio, j\u00e1 se pensa na l\u00f3gica de distribui\u00e7\u00e3o do que s\u00e3o as moedas de troca mais comuns nessa rela\u00e7\u00e3o entre o Executivo e o Legislativo, na distribui\u00e7\u00e3o de cargos e nas \u00eanfases em politicas p\u00fablicas espec\u00edficas\u201d, disse ele, em entrevista \u00e0\u00a0<strong>Ag\u00eancia Brasil<\/strong>.<\/p>\n<p>Nesta nova legislatura, 25 parlamentares s\u00e3o mulheres. Na legislatura anterior, eram 18. \u201c\u00c9 um crescimento ainda pequeno, mas consider\u00e1vel e importante. Essa bancada vem em um crescente. Digamos que as mulheres agora ter\u00e3o mais condi\u00e7\u00f5es de assumir projetos, assinar esses projetos e lutar por eles e por sua aprova\u00e7\u00e3o. Voc\u00ea sabe que n\u00e3o \u00e9 f\u00e1cil aprovar esses projetos e vai depender, claro, da contribui\u00e7\u00e3o de deputados para essas pautas. Mas, como sempre penso, a representa\u00e7\u00e3o feminina \u00e9 muito vinculada \u00e0s bancadas partid\u00e1rias, porque j\u00e1 sabemos que s\u00e3o fun\u00e7\u00f5es sub-representadas em termos eleitorais. Ent\u00e3o \u00e9 muito importante que elas consigam, dentro dos partidos, formar grandes maiorias, no sentido de atrair deputados para apoiar esses projetos de direitos das mulheres\u201d, defendeu a cientista pol\u00edtica Maria do Socorro Braga, da Universidade Federal de S\u00e3o Carlos (Ufscar). em entrevista \u00e0\u00a0<strong>Ag\u00eancia Brasil<\/strong>.<\/p>\n<blockquote><p>\u201cDe toda maneira, com esse n\u00famero de 25 mulheres, come\u00e7amos a ter maiores esperan\u00e7as de aumentar v\u00e1rios projetos de lei ou que, pelo menos, sejam votados mais projetos de lei relacionados aos direitos femininos\u201d, acrescentou.<\/p><\/blockquote>\n<p>A expectativa dos cientistas pol\u00edticos \u00e9 que, nesta nova legislatura, o perfil da Alesp seja\u00a0<a href=\"https:\/\/agenciabrasil.ebc.com.br\/politica\/noticia\/2023-03\/novo-perfil-da-alesp-tende-para-centro-direita-diz-cientista-politico\" target=\"_blank\" rel=\"noopener\">voltado mais para o\u00a0centro-direita<\/a>\u00a0e que o governador de S\u00e3o Paulo, Tarc\u00edsio de Freitas, obtenha grande apoio, estimado entre 65 e 70 deputados, para a aprova\u00e7\u00e3o de seus projetos. \u201cTarc\u00edsio deve encontrar uma assembleia na qual n\u00e3o ter\u00e1 dificuldade de fazer composi\u00e7\u00f5es pol\u00edticas. \u00c9 uma assembleia legislativa cuja composi\u00e7\u00e3o e perfil pol\u00edtico-partid\u00e1rio s\u00e3o mais de centro-direita e, quando n\u00e3o, de direita\u201d, disse Bruno Silva.<\/p>\n<h2>Governo de S\u00e3o Paulo<\/h2>\n<p>A cerim\u00f4nia de posse dos deputados, realizada na tarde de hoje, em uma Alesp lotada, contou com a presen\u00e7a do governador Tarc\u00edsio de Freitas. Na solenidade, ele\u00a0entregou \u00e0 Alesp a s\u00edntese de uma mensagem apresentando a situa\u00e7\u00e3o do estado de S\u00e3o Paulo, incluindo o cen\u00e1rio das contas p\u00fablicas e os programas executados.<\/p>\n<p>\u201cS\u00e3o muitos os desafios do nosso estado, em todas as \u00e1reas. Temos problemas sociais, temos a quest\u00e3o das pessoas em situa\u00e7\u00e3o de rua, das pessoas em \u00e1reas de risco, das pessoas que dependem do Sistema \u00danico de Sa\u00fade para as suas cirurgias eletivas. Temos desafios tamb\u00e9m na \u00e1rea econ\u00f4mica, da recupera\u00e7\u00e3o da competitividade do estado de S\u00e3o Paulo\u201d, disse o governador. \u201cTenho certeza que essa Casa ser\u00e1 um instrumento para a conquista para a constru\u00e7\u00e3o de pol\u00edtica p\u00fablica de qualidade. Esperem do governo de S\u00e3o Paulo uma postura de di\u00e1logo. Entendemos que governo do estado e a Assembleia Legislativa caminhar\u00e3o juntos, governar\u00e3o juntos e promover\u00e3o pol\u00edticas p\u00fablicas de qualidade juntos\u201d, disse o governador, durante seu discurso de cerca de cinco minutos.<\/p>\n<p>No momento em que entregou \u00e0 Alesp o livro de\u00a0mensagens, o governador ouviu do p\u00fablico presente gritos de: \u201cQuem mandou matar Marielle [Franco]?\u201d, vereadora que foi assassinada no Rio de Janeiro em mar\u00e7o de 2018, h\u00e1 cinco anos.<\/p>\n<h2>Mesa Diretora<\/h2>\n<p>Ap\u00f3s tomarem posse na tarde de hoje, os deputados eleitos para a nova legislatura participaram da vota\u00e7\u00e3o para a escolha da nova Mesa Diretora da Alesp. Apesar de ter crescido em representatividade nesse ano, nenhuma mulher ir\u00e1 ocupar cargo na diretoria da Casa.<\/p>\n<p>O cargo de presid\u00eancia da Alesp para o bi\u00eanio 2023\/2025 ser\u00e1 ocupado por Andr\u00e9 do Prado (PL), partido que tem a maior representa\u00e7\u00e3o na Casa, com 19 cadeiras. Com isso, o PL retira a hegemonia do PSDB, partido que ocupava a presid\u00eancia da Alesp desde 2007.<\/p>\n<p>Andr\u00e9 do Prado, que est\u00e1 em seu quarto mandato, foi eleito com 89 votos, inclusive com apoio de deputados do PT, que far\u00e3o oposi\u00e7\u00e3o ao atual governo. Durante o seu voto, o deputado Eduardo Suplicy (PT), o mais votado nas \u00faltimas elei\u00e7\u00f5es, ressaltou que tem imenso carinho pelo PSOL, mas que votaria em Andr\u00e9 do Prado por orienta\u00e7\u00e3o de seu partido.<\/p>\n<p>Andr\u00e9 do Prado bateu o candidato do PSOL, Carlos Giannazi, que tamb\u00e9m concorria ao posto. Giannazi recebeu apenas cinco votos, de deputados de seu pr\u00f3prio partido.<\/p>\n<p>Em seu primeiro discurso, j\u00e1 eleito como presidente da Mesa Diretora, Prado disse que \u201cvai trabalhar muito para honrar os votos que recebeu\u201d.<\/p>\n<p>\u201cVamos juntos trabalhar por um estado mais humano e desenvolvido\u201d, disse ele. \u201cDurante essa presid\u00eancia, a tribuna seguir\u00e1 aberta e plural. Essa ser\u00e1 a marca da nossa gest\u00e3o: Legislativo forte e trabalho em parceria\u201d, acrescentou.<\/p>\n<p>O PT, que elegeu 18 deputados, vai ocupar a 1\u00aa\u00a0Secretaria da Mesa Diretora, com Teonilio Barba (PT). J\u00e1 para a 2\u00aa\u00a0secretaria foi eleito Rog\u00e9rio Nogueira (PSDB), partido que tem a terceira maior bancada da Casa, com nove deputados. O PSOL decidiu se abster da vota\u00e7\u00e3o para a segunda secretaria. Para a 1\u00aa vice-presid\u00eancia, foi eleito Gilmaci Santos (Republicanos).<\/p>\n<p><span style=\"font-weight: 400;\">Fonte: Ag\u00eancia Brasil <\/span><\/p>\n","protected":false},"excerpt":{"rendered":"<p>Os 94 deputados estaduais\u00a0eleitos no pleito de 2022\u00a0tomaram posse nesta quarta-feira (15)\u00a0na\u00a0Assembleia Legislativa de S\u00e3o Paulo (Alesp).\u00a0Do total dos parlamentares,\u00a055 foram reeleitos e 32 v\u00e3o assumir pela primeira vez uma cadeira na Casa legislativa. Os demais\u00a0j\u00e1 representaram a Alesp em outras legislaturas. A Alesp \u00e9 a \u00fanica casa legislativa do pa\u00eds que d\u00e1 posse aos [&hellip;]<\/p>\n","protected":false},"author":246,"featured_media":211432,"comment_status":"closed","ping_status":"closed","sticky":false,"template":"","format":"standard","meta":{"footnotes":""},"categories":[436,440,254,439],"tags":[],"class_list":["post-211431","post","type-post","status-publish","format-standard","has-post-thumbnail","hentry","category-destaque-da-semana","category-destaques-do-dia","category-politica","category-ultima-hora"],"_links":{"self":[{"href":"https:\/\/diarioregionaldigital.com.br\/index.php?rest_route=\/wp\/v2\/posts\/211431","targetHints":{"allow":["GET"]}}],"collection":[{"href":"https:\/\/diarioregionaldigital.com.br\/index.php?rest_route=\/wp\/v2\/posts"}],"about":[{"href":"https:\/\/diarioregionaldigital.com.br\/index.php?rest_route=\/wp\/v2\/types\/post"}],"author":[{"embeddable":true,"href":"https:\/\/diarioregionaldigital.com.br\/index.php?rest_route=\/wp\/v2\/users\/246"}],"replies":[{"embeddable":true,"href":"https:\/\/diarioregionaldigital.com.br\/index.php?rest_route=%2Fwp%2Fv2%2Fcomments&post=211431"}],"version-history":[{"count":1,"href":"https:\/\/diarioregionaldigital.com.br\/index.php?rest_route=\/wp\/v2\/posts\/211431\/revisions"}],"predecessor-version":[{"id":211433,"href":"https:\/\/diarioregionaldigital.com.br\/index.php?rest_route=\/wp\/v2\/posts\/211431\/revisions\/211433"}],"wp:featuredmedia":[{"embeddable":true,"href":"https:\/\/diarioregionaldigital.com.br\/index.php?rest_route=\/wp\/v2\/media\/211432"}],"wp:attachment":[{"href":"https:\/\/diarioregionaldigital.com.br\/index.php?rest_route=%2Fwp%2Fv2%2Fmedia&parent=211431"}],"wp:term":[{"taxonomy":"category","embeddable":true,"href":"https:\/\/diarioregionaldigital.com.br\/index.php?rest_route=%2Fwp%2Fv2%2Fcategories&post=211431"},{"taxonomy":"post_tag","embeddable":true,"href":"https:\/\/diarioregionaldigital.com.br\/index.php?rest_route=%2Fwp%2Fv2%2Ftags&post=211431"}],"curies":[{"name":"wp","href":"https:\/\/api.w.org\/{rel}","templated":true}]}}