{"id":211411,"date":"2023-03-14T22:39:26","date_gmt":"2023-03-15T01:39:26","guid":{"rendered":"https:\/\/diarioregionaldigital.com.br\/?p=211411"},"modified":"2023-03-14T22:39:26","modified_gmt":"2023-03-15T01:39:26","slug":"furto-de-cabos-em-elevatoria-do-parque-guarani-deixa-regiao-desabastecida-nesta-terca-feira-14","status":"publish","type":"post","link":"https:\/\/diarioregionaldigital.com.br\/?p=211411","title":{"rendered":"Furto de cabos em elevat\u00f3ria do Parque Guarani deixa regi\u00e3o desabastecida nesta ter\u00e7a-feira, 14"},"content":{"rendered":"<p>Segundo informa\u00e7\u00f5es do site da Prefeitura de Juiz de Fora (PJF), na manh\u00e3 desta ter\u00e7a-feira, 14, a Companhia de Saneamento Municipal (Cesama) constatou mais um furto em uma de suas elevat\u00f3rias de \u00e1gua. Desta vez, os cabos do padr\u00e3o de energia da elevat\u00f3ria do Parque Guarani foram levados, deixando a unidade sem funcionamento. A companhia j\u00e1 est\u00e1 providenciando os reparos, por\u00e9m, at\u00e9 a conclus\u00e3o dos trabalhos, pode haver desabastecimento nos bairros Parque Guarani, Vivendas da Serra, Bandeirantes, Marumbi, Progresso e Quintas da Avenida II.<\/p>\n<p>O sistema de abastecimento dessa mesma regi\u00e3o j\u00e1 havia ficado comprometido no final do domingo, 12, e nesta segunda-feira, 13, em virtude de falta de energia el\u00e9trica na elevat\u00f3ria Ase\/Grama. A Companhia Energ\u00e9tica de Minas Gerais (Cemig) restabeleceu a energia no local somente \u00e0s 11h da segunda-feira, e a partir de ent\u00e3o, a Cesama retomou a opera\u00e7\u00e3o da unidade. O abastecimento ainda estava se recuperando, quando houve o furto na elevat\u00f3ria do Parque Guarani, que tamb\u00e9m abastece a \u00e1rea.<\/p>\n<p>A Cesama pede a compreens\u00e3o da popula\u00e7\u00e3o local e orienta para que economize \u00e1gua at\u00e9 que o sistema seja totalmente regularizado, o que deve acontecer na noite desta ter\u00e7a-feira.<\/p>\n<p>&nbsp;<\/p>\n<div id=\"box_compartilhar\" align=\"right\"><\/div>\n","protected":false},"excerpt":{"rendered":"<p>Segundo informa\u00e7\u00f5es do site da Prefeitura de Juiz de Fora (PJF), na manh\u00e3 desta ter\u00e7a-feira, 14, a Companhia de Saneamento Municipal (Cesama) constatou mais um furto em uma de suas elevat\u00f3rias de \u00e1gua. Desta vez, os cabos do padr\u00e3o de energia da elevat\u00f3ria do Parque Guarani foram levados, deixando a unidade sem funcionamento. A companhia [&hellip;]<\/p>\n","protected":false},"author":246,"featured_media":211412,"comment_status":"closed","ping_status":"closed","sticky":false,"template":"","format":"standard","meta":{"footnotes":""},"categories":[253,436,439],"tags":[],"class_list":["post-211411","post","type-post","status-publish","format-standard","has-post-thumbnail","hentry","category-cidade","category-destaque-da-semana","category-ultima-hora"],"_links":{"self":[{"href":"https:\/\/diarioregionaldigital.com.br\/index.php?rest_route=\/wp\/v2\/posts\/211411","targetHints":{"allow":["GET"]}}],"collection":[{"href":"https:\/\/diarioregionaldigital.com.br\/index.php?rest_route=\/wp\/v2\/posts"}],"about":[{"href":"https:\/\/diarioregionaldigital.com.br\/index.php?rest_route=\/wp\/v2\/types\/post"}],"author":[{"embeddable":true,"href":"https:\/\/diarioregionaldigital.com.br\/index.php?rest_route=\/wp\/v2\/users\/246"}],"replies":[{"embeddable":true,"href":"https:\/\/diarioregionaldigital.com.br\/index.php?rest_route=%2Fwp%2Fv2%2Fcomments&post=211411"}],"version-history":[{"count":2,"href":"https:\/\/diarioregionaldigital.com.br\/index.php?rest_route=\/wp\/v2\/posts\/211411\/revisions"}],"predecessor-version":[{"id":211416,"href":"https:\/\/diarioregionaldigital.com.br\/index.php?rest_route=\/wp\/v2\/posts\/211411\/revisions\/211416"}],"wp:featuredmedia":[{"embeddable":true,"href":"https:\/\/diarioregionaldigital.com.br\/index.php?rest_route=\/wp\/v2\/media\/211412"}],"wp:attachment":[{"href":"https:\/\/diarioregionaldigital.com.br\/index.php?rest_route=%2Fwp%2Fv2%2Fmedia&parent=211411"}],"wp:term":[{"taxonomy":"category","embeddable":true,"href":"https:\/\/diarioregionaldigital.com.br\/index.php?rest_route=%2Fwp%2Fv2%2Fcategories&post=211411"},{"taxonomy":"post_tag","embeddable":true,"href":"https:\/\/diarioregionaldigital.com.br\/index.php?rest_route=%2Fwp%2Fv2%2Ftags&post=211411"}],"curies":[{"name":"wp","href":"https:\/\/api.w.org\/{rel}","templated":true}]}}