{"id":211408,"date":"2023-03-14T22:36:51","date_gmt":"2023-03-15T01:36:51","guid":{"rendered":"https:\/\/diarioregionaldigital.com.br\/?p=211408"},"modified":"2023-03-14T22:36:51","modified_gmt":"2023-03-15T01:36:51","slug":"programa-boniteza-realiza-95-intervencoes-nesta-terca-14","status":"publish","type":"post","link":"https:\/\/diarioregionaldigital.com.br\/?p=211408","title":{"rendered":"Programa Boniteza realiza 95 interven\u00e7\u00f5es nesta ter\u00e7a, 14"},"content":{"rendered":"<p>Segundo informa\u00e7\u00f5es do site da Prefeitura de Juiz de Fora (PJF), o Programa Boniteza da Prefeitura de Juiz de Fora (PJF) opera em 95 interven\u00e7\u00f5es nesta ter\u00e7a-feira, 14.<\/p>\n<p>&nbsp;<\/p>\n<p><strong>Obras<\/strong><\/p>\n<p>&nbsp;<\/p>\n<p>Os Departamentos de Opera\u00e7\u00e3o e Manuten\u00e7\u00e3o em Obras (Domo) e de Estradas Vicinais da Secretaria de Obras t\u00eam previstas 42 a\u00e7\u00f5es.<\/p>\n<p>&nbsp;<\/p>\n<p><strong>Interven\u00e7\u00f5es em continuidade:<\/strong><\/p>\n<p>&nbsp;<\/p>\n<p>&#8211; Corre\u00e7\u00e3o de eros\u00e3o &#8211; Margem do c\u00f3rrego Santa Luzia &#8211; Santa Luzia<\/p>\n<p>&#8211; Corre\u00e7\u00e3o de eros\u00e3o &#8211; Rua Laudelino Schettino &#8211; Democrata<\/p>\n<p>&#8211; Corre\u00e7\u00e3o de eros\u00e3o &#8211; Rua Professor Maur\u00edcio Macedo &#8211; Santa Isabel<\/p>\n<p>&#8211; Recupera\u00e7\u00e3o de trincheira pluvial &#8211; Rua Maestro Jo\u00e3o Quirino &#8211; Parque das \u00c1guas<\/p>\n<p>&#8211; Limpeza das bocas de lobo &#8211; Rua Halfeld &#8211; Centro<\/p>\n<p>&#8211; Limpeza das canaletas pluviais &#8211;\u00a0 Rua Halfeld &#8211; Centro<\/p>\n<p>&#8211; Demoli\u00e7\u00e3o do quiosque &#8211; Pra\u00e7a Alto dos Passos &#8211; Alto dos Passos<\/p>\n<p>&#8211; Limpeza + Patrolamento &#8211; Rua Francisco Fayer Sobrinho &#8211; Aeroporto<\/p>\n<p>&#8211; Limpeza de boca de lobo &#8211; Rua Jos\u00e9 Eutr\u00f3pio<\/p>\n<p>&#8211; Lan\u00e7amento de material granulado &#8211; Estrada do Arrependido &#8211; Toledos<\/p>\n<p>&#8211; Encabe\u00e7amento de manilhas em bueiro &#8211; Estrada do Arrependido &#8211; Toledos<\/p>\n<p>&#8211; Patrolamento &#8211; Estrada Dias Tavares<\/p>\n<p>&#8211; Lan\u00e7amento de material granulado &#8211; Estrada Dias Tavares<\/p>\n<p>&#8211; Patrolamento &#8211; Estrada Serra da Saudade &#8211; Valadares<\/p>\n<p>&#8211; Lan\u00e7amento de material granulado &#8211; Estrada Serra da Saudade &#8211; Valadares<\/p>\n<p>&#8211; Confec\u00e7\u00e3o de bueiro &#8211; Penido \u00e0 Ros\u00e1rio<\/p>\n<p>&#8211; Confec\u00e7\u00e3o de bueiro de aduelas &#8211; Humait\u00e1<\/p>\n<p>&#8211; Confec\u00e7\u00e3o de base para cal\u00e7amento &#8211; Ros\u00e1rio de Minas<\/p>\n<p>&#8211; Patrolamento &#8211; Estrada Para\u00edso<\/p>\n<p>&#8211; Patrolamento &#8211; Estrada das Araras<\/p>\n<p>&#8211; Patrolamento + Lan\u00e7amento de material granulado &#8211; Estrada da Varginha<\/p>\n<p>&#8211; Patrolamento + Lan\u00e7amento de material granulado &#8211; Estrada Bambuzal<\/p>\n<p>&#8211; Servi\u00e7o de ro\u00e7ada &#8211; Estrada Dias Tavares &#8211; Dias Tavares<\/p>\n<p>&#8211; Patrolamento + Lan\u00e7amento de material granulado &#8211; Estrada Principal Pires<\/p>\n<p>&nbsp;<\/p>\n<p><strong>Novas Interven\u00e7\u00f5es<\/strong><\/p>\n<p>&nbsp;<\/p>\n<p>&#8211; Corre\u00e7\u00e3o de eros\u00e3o + limpeza de boca de lobo &#8211; Av. Sete de Setembro &#8211; Centro<\/p>\n<p>&#8211; Coloca\u00e7\u00e3o de tamp\u00e3o pluvial &#8211; Rua Severiano da Silva &#8211; Santo Ant\u00f4nio<\/p>\n<p>&#8211; Coloca\u00e7\u00e3o de tampa em boca de lobo &#8211; Rua Luiz Perry &#8211; Jardim Gl\u00f3ria<\/p>\n<p>&#8211; Restaura\u00e7\u00e3o de boca de lobo &#8211; Rua Jos\u00e9 Sobreira &#8211; Linhares<\/p>\n<p>&#8211; Manuten\u00e7\u00e3o de bueiros &#8211; Rua Eng. Paulo Corr\u00eaa e Castro &#8211; Linhares<\/p>\n<p>&#8211; Limpeza de boca de lobo &#8211; Rua Boa Esperan\u00e7a &#8211; Linhares<\/p>\n<p>&#8211; Limpeza mecanizada do sistema de drenagem &#8211; Rua Batista de Oliveira &#8211; Centro<\/p>\n<p>&#8211; Corre\u00e7\u00e3o de eros\u00e3o &#8211; Rua Nilce Rodrigues &#8211; Santa Cec\u00edlia<\/p>\n<p>&#8211; Lan\u00e7amento de material granulado &#8211; Estrada Boa Vista<\/p>\n<p>&#8211; Limpeza de Valas &#8211; Estrada Boa Vista<\/p>\n<p>&#8211; Patrolamento &#8211; Rua Jos\u00e9 Elias Mockdeci &#8211; Barreira do Triunfo<\/p>\n<p>&#8211; Lan\u00e7amento de material granulado &#8211; Rua Jos\u00e9 Elias Mockdeci &#8211; Barreira do Triunfo<\/p>\n<p>&#8211; Retirada de barreiras &#8211; Vila Charlon &#8211; Torre\u00f5es<\/p>\n<p>&#8211; Retirada de barreiras &#8211; Cal\u00e7amento Estrada Pedra Negra &#8211; Torre\u00f5es<\/p>\n<p>&#8211; Corre\u00e7\u00e3o subleito na ponte &#8211; Estrada Principal Pires<\/p>\n<p>&#8211; Lan\u00e7amento de material granulado &#8211; Estrada dos Cansos &#8211; Torre\u00f5es<\/p>\n<p>&#8211; Retirada de barreiras &#8211; Estrada dos Cansos &#8211; Torre\u00f5es<\/p>\n<p>&#8211; Tapa Buraco &#8211; Estrada dos Cansos &#8211; Torre\u00f5es<\/p>\n<p>&nbsp;<\/p>\n<p><strong>Ilumina\u00e7\u00e3o P\u00fablica<\/strong><\/p>\n<p>&nbsp;<\/p>\n<p>O departamento de Ilumina\u00e7\u00e3o P\u00fablica da PJF d\u00e1 continuidade \u00e0s a\u00e7\u00f5es com a previs\u00e3o de trocas de 53 l\u00e2mpadas em todas as regi\u00f5es.<\/p>\n<p>&nbsp;<\/p>\n<p><strong>Tr\u00eas Moinhos<\/strong><\/p>\n<p>&nbsp;<\/p>\n<p>Rua Maria F. Souza<\/p>\n<p>Rua Jos\u00e9 De Castro Ribeiro<\/p>\n<p>Rua Jo\u00e3o Luiz<\/p>\n<p>&nbsp;<\/p>\n<p><strong>Santa Helena<\/strong><\/p>\n<p>&nbsp;<\/p>\n<p>Rua Vilela Filho<\/p>\n<p>Rua Visconde De Mau\u00e1<\/p>\n<p>Rua Silva Jardim<\/p>\n<p>&nbsp;<\/p>\n<p><strong>Progresso<\/strong><\/p>\n<p>&nbsp;<\/p>\n<p>Rua Adelina Maria Da Costa<\/p>\n<p>Rua Carlos Rocha<\/p>\n<p>Rua Jorge Knopp<\/p>\n<p>Rua Manoel Lage<\/p>\n<p>Rua Bruno Barbosa<\/p>\n<p>Rua Arthur \u00c2ngelo Petrato<\/p>\n<p>&nbsp;<\/p>\n<p><strong>Linhares<\/strong><\/p>\n<p>&nbsp;<\/p>\n<p>Rua Maria Florice Dos Santos<\/p>\n<p>Rua Frederico Imbroisi<\/p>\n<p>Rua Diva Garcia<\/p>\n<p>Rua Maria Prudencia Pereira<\/p>\n<p>Rua Professor Raimundo Tavares<\/p>\n<p>Rua Firmino De Souza Filho<\/p>\n<p>&nbsp;<\/p>\n<p><strong>Bom Jardim<\/strong><\/p>\n<p>&nbsp;<\/p>\n<p>Rua Romeu Pastori<\/p>\n<p>Rua E<\/p>\n<p>Rua Henrique Miranda S\u00e1<\/p>\n<p>&nbsp;<\/p>\n<p><strong>Bonfim<\/strong><\/p>\n<p>&nbsp;<\/p>\n<p>Bar\u00e3o Do Retiro<\/p>\n<p>Rua Doutor Lindolfo Lage<\/p>\n<p>&nbsp;<\/p>\n<p><strong>Bairu<\/strong><\/p>\n<p>&nbsp;<\/p>\n<p>Rua Professor Jos\u00e9 Spineli<\/p>\n<p>Rua Silvestre Cupertino Rodrigues<\/p>\n<p>&nbsp;<\/p>\n<p><strong>Marumbi<\/strong><\/p>\n<p>&nbsp;<\/p>\n<p>Rua Liberiano Gaspar<\/p>\n<p>Rua Aleixo Martins Neto<\/p>\n<p>Rua Marumbi<\/p>\n<p>&nbsp;<\/p>\n<p><strong>Jardim Gl\u00f3ria<\/strong><\/p>\n<p>&nbsp;<\/p>\n<p>Ten. Aviador Mauro Miranda<\/p>\n<p>Travessa Cl\u00e9rigo Bortoli<\/p>\n<p>Rua Capit\u00e3o Arnaldo De Carvalho<\/p>\n<p>Travessa Doutor Jos\u00e9 Botafogo<\/p>\n<p>&nbsp;<\/p>\n<p><strong>Ladeira<\/strong><\/p>\n<p>&nbsp;<\/p>\n<p>Rua Marechal Setembrino De Carvalho<\/p>\n<p>Rua Maria Perp\u00e9tua<\/p>\n<p>&nbsp;<\/p>\n<p><strong>Paineiras<\/strong><\/p>\n<p>&nbsp;<\/p>\n<p>Rua C\u00e2ndido Tostes<\/p>\n<p>&nbsp;<\/p>\n<p><strong>Centro<\/strong><\/p>\n<p>&nbsp;<\/p>\n<p>Rua Esp\u00edrito Santo<\/p>\n<p>Rua Marechal Deodoro<\/p>\n<p>Rua Paula Lima<\/p>\n<p>&nbsp;<\/p>\n<p><strong>Vale do Ip\u00ea<\/strong><\/p>\n<p>&nbsp;<\/p>\n<p>Rua Trieste Trentini<\/p>\n<p>&nbsp;<\/p>\n<p><strong>Morro da Gl\u00f3ria<\/strong><\/p>\n<p>&nbsp;<\/p>\n<p>Rua Dos Artistas<\/p>\n<p>&nbsp;<\/p>\n<p><strong>Manoel Hon\u00f3rio<\/strong><\/p>\n<p>&nbsp;<\/p>\n<p>Rua Jo\u00e3o Do Rio<\/p>\n<p>&nbsp;<\/p>\n<p><strong>Gabinete de A\u00e7\u00e3o e Di\u00e1logo Comunit\u00e1rio<\/strong><\/p>\n<p>As a\u00e7\u00f5es da Secretaria de Obras s\u00e3o realizadas atrav\u00e9s do Gabinete de A\u00e7\u00e3o e Di\u00e1logo Comunit\u00e1rio, que recebe demandas de melhorias urbanas pelo n\u00famero (32) 3690-7241, por liga\u00e7\u00e3o ou WhatsApp.<\/p>\n<p>&nbsp;<\/p>\n<p>No\u00a0<a href=\"https:\/\/www.pjf.mg.gov.br\/gabinetecomunitario\/\"><strong>site do gabinete<\/strong><\/a>, est\u00e3o dispon\u00edveis informa\u00e7\u00f5es atualizadas\u00a0 diariamente sobre os servi\u00e7os realizados pelas secretarias de Obras (SO); de Sustentabilidade em Meio Ambiente e Atividades Urbanas (Sesmaur); de Mobilidade Urbana (SMU); e pela\u00a0 Empresa Municipal de Pavimenta\u00e7\u00e3o e Urbaniza\u00e7\u00e3o (Empav); Departamento Municipal de Limpeza Urbana (Demlurb); e Companhia de Saneamento Municipal (Cesama).<\/p>\n","protected":false},"excerpt":{"rendered":"<p>Segundo informa\u00e7\u00f5es do site da Prefeitura de Juiz de Fora (PJF), o Programa Boniteza da Prefeitura de Juiz de Fora (PJF) opera em 95 interven\u00e7\u00f5es nesta ter\u00e7a-feira, 14. &nbsp; Obras &nbsp; Os Departamentos de Opera\u00e7\u00e3o e Manuten\u00e7\u00e3o em Obras (Domo) e de Estradas Vicinais da Secretaria de Obras t\u00eam previstas 42 a\u00e7\u00f5es. &nbsp; Interven\u00e7\u00f5es em [&hellip;]<\/p>\n","protected":false},"author":246,"featured_media":0,"comment_status":"closed","ping_status":"closed","sticky":false,"template":"","format":"standard","meta":{"footnotes":""},"categories":[253,436,439],"tags":[],"class_list":["post-211408","post","type-post","status-publish","format-standard","hentry","category-cidade","category-destaque-da-semana","category-ultima-hora"],"_links":{"self":[{"href":"https:\/\/diarioregionaldigital.com.br\/index.php?rest_route=\/wp\/v2\/posts\/211408","targetHints":{"allow":["GET"]}}],"collection":[{"href":"https:\/\/diarioregionaldigital.com.br\/index.php?rest_route=\/wp\/v2\/posts"}],"about":[{"href":"https:\/\/diarioregionaldigital.com.br\/index.php?rest_route=\/wp\/v2\/types\/post"}],"author":[{"embeddable":true,"href":"https:\/\/diarioregionaldigital.com.br\/index.php?rest_route=\/wp\/v2\/users\/246"}],"replies":[{"embeddable":true,"href":"https:\/\/diarioregionaldigital.com.br\/index.php?rest_route=%2Fwp%2Fv2%2Fcomments&post=211408"}],"version-history":[{"count":1,"href":"https:\/\/diarioregionaldigital.com.br\/index.php?rest_route=\/wp\/v2\/posts\/211408\/revisions"}],"predecessor-version":[{"id":211410,"href":"https:\/\/diarioregionaldigital.com.br\/index.php?rest_route=\/wp\/v2\/posts\/211408\/revisions\/211410"}],"wp:attachment":[{"href":"https:\/\/diarioregionaldigital.com.br\/index.php?rest_route=%2Fwp%2Fv2%2Fmedia&parent=211408"}],"wp:term":[{"taxonomy":"category","embeddable":true,"href":"https:\/\/diarioregionaldigital.com.br\/index.php?rest_route=%2Fwp%2Fv2%2Fcategories&post=211408"},{"taxonomy":"post_tag","embeddable":true,"href":"https:\/\/diarioregionaldigital.com.br\/index.php?rest_route=%2Fwp%2Fv2%2Ftags&post=211408"}],"curies":[{"name":"wp","href":"https:\/\/api.w.org\/{rel}","templated":true}]}}